[{"@context":"https:\/\/schema.org\/","@type":"Blog","@id":"https:\/\/www.plackarna.cz#Blog","headline":"Plack\u00e1rna","description":"\nV\u011bt\u0161inu probl\u00e9m\u016f, je\u017e lid\u00e9 maj\u00ed, n\u011bjak\u00e1 ta n\u00e1v\u0161t\u011bva na internetu nevy\u0159e\u0161\u00ed. Ale pokud \u010dlov\u011bk nav\u0161t\u00edv\u00ed n\u00e1\u0161 web, pom\u016f\u017eeme aspo\u0148 s t\u00edm, s \u010d\u00edm n\u011bco nad\u011blat dok\u00e1\u017eeme.","url":"https:\/\/www.plackarna.cz","hasPart":[{"@type":"Article","@id":"https:\/\/www.plackarna.cz\/penize-se-daji-sehnat\/","headline":"Pen\u00edze se daj\u00ed sehnat","url":"https:\/\/www.plackarna.cz\/penize-se-daji-sehnat\/","datePublished":"2025-12-04","dateModified":"2025-12-04","mainEntityOfPage":"https:\/\/www.plackarna.cz\/penize-se-daji-sehnat\/","author":{"@type":"Person","@id":"https:\/\/www.plackarna.cz\/author\/#Person","name":"","url":"https:\/\/www.plackarna.cz\/author\/","identifier":1,"image":{"@type":"ImageObject","@id":"https:\/\/secure.gravatar.com\/avatar\/0c4621640b5c0734669aeb181ef77969b528487727344f28e734a206566ea0f1?s=96&d=mm&r=g","url":"https:\/\/secure.gravatar.com\/avatar\/0c4621640b5c0734669aeb181ef77969b528487727344f28e734a206566ea0f1?s=96&d=mm&r=g","height":96,"width":96}},"publisher":{"@type":"Organization","name":"plackarna.cz","logo":{"@type":"ImageObject","@id":"\/logo.png","url":"\/logo.png","width":600,"height":60}},"image":{"@type":"ImageObject","@id":"https:\/\/www.plackarna.cz\/wp-content\/uploads\/pppppppppppppppppppppppp_10_10_10_10_2.jpg","url":"https:\/\/www.plackarna.cz\/wp-content\/uploads\/pppppppppppppppppppppppp_10_10_10_10_2.jpg","height":0,"width":0},"wordCount":657,"keywords":null},{"@type":"Article","@id":"https:\/\/www.plackarna.cz\/baseball-americka-hra-dobyvajici-evropu\/","headline":"Baseball \u2013 americk\u00e1 hra dob\u00fdvaj\u00edc\u00ed Evropu","url":"https:\/\/www.plackarna.cz\/baseball-americka-hra-dobyvajici-evropu\/","datePublished":"2025-08-24","dateModified":"2025-08-24","mainEntityOfPage":"https:\/\/www.plackarna.cz\/baseball-americka-hra-dobyvajici-evropu\/","author":{"@type":"Person","@id":"https:\/\/www.plackarna.cz\/author\/#Person","name":"","url":"https:\/\/www.plackarna.cz\/author\/","identifier":1,"image":{"@type":"ImageObject","@id":"https:\/\/secure.gravatar.com\/avatar\/0c4621640b5c0734669aeb181ef77969b528487727344f28e734a206566ea0f1?s=96&d=mm&r=g","url":"https:\/\/secure.gravatar.com\/avatar\/0c4621640b5c0734669aeb181ef77969b528487727344f28e734a206566ea0f1?s=96&d=mm&r=g","height":96,"width":96}},"publisher":{"@type":"Organization","name":"plackarna.cz","logo":{"@type":"ImageObject","@id":"\/logo.png","url":"\/logo.png","width":600,"height":60}},"image":{"@type":"ImageObject","@id":"https:\/\/www.plackarna.cz\/wp-content\/uploads\/img_a340854_w2448_t1553701704.jpg","url":"https:\/\/www.plackarna.cz\/wp-content\/uploads\/img_a340854_w2448_t1553701704.jpg","height":0,"width":0},"wordCount":582,"keywords":null},{"@type":"Article","@id":"https:\/\/www.plackarna.cz\/exkluzivni-vikendove-pobyty-v-nejluxusnejsich-resortech\/","headline":"Exkluzivn\u00ed v\u00edkendov\u00e9 pobyty v nejluxusn\u011bj\u0161\u00edch resortech","url":"https:\/\/www.plackarna.cz\/exkluzivni-vikendove-pobyty-v-nejluxusnejsich-resortech\/","datePublished":"2025-04-23","dateModified":"2025-04-23","mainEntityOfPage":"https:\/\/www.plackarna.cz\/exkluzivni-vikendove-pobyty-v-nejluxusnejsich-resortech\/","author":{"@type":"Person","@id":"https:\/\/www.plackarna.cz\/author\/#Person","name":"","url":"https:\/\/www.plackarna.cz\/author\/","identifier":1,"image":{"@type":"ImageObject","@id":"https:\/\/secure.gravatar.com\/avatar\/0c4621640b5c0734669aeb181ef77969b528487727344f28e734a206566ea0f1?s=96&d=mm&r=g","url":"https:\/\/secure.gravatar.com\/avatar\/0c4621640b5c0734669aeb181ef77969b528487727344f28e734a206566ea0f1?s=96&d=mm&r=g","height":96,"width":96}},"publisher":{"@type":"Organization","name":"plackarna.cz","logo":{"@type":"ImageObject","@id":"\/logo.png","url":"\/logo.png","width":600,"height":60}},"image":null,"wordCount":241,"keywords":null},{"@type":"Article","@id":"https:\/\/www.plackarna.cz\/pizza-skvelych-chuti\/","headline":"Pizza skv\u011bl\u00fdch chut\u00ed","url":"https:\/\/www.plackarna.cz\/pizza-skvelych-chuti\/","datePublished":"2025-04-17","dateModified":"2025-04-17","mainEntityOfPage":"https:\/\/www.plackarna.cz\/pizza-skvelych-chuti\/","author":{"@type":"Person","@id":"https:\/\/www.plackarna.cz\/author\/#Person","name":"","url":"https:\/\/www.plackarna.cz\/author\/","identifier":1,"image":{"@type":"ImageObject","@id":"https:\/\/secure.gravatar.com\/avatar\/0c4621640b5c0734669aeb181ef77969b528487727344f28e734a206566ea0f1?s=96&d=mm&r=g","url":"https:\/\/secure.gravatar.com\/avatar\/0c4621640b5c0734669aeb181ef77969b528487727344f28e734a206566ea0f1?s=96&d=mm&r=g","height":96,"width":96}},"publisher":{"@type":"Organization","name":"plackarna.cz","logo":{"@type":"ImageObject","@id":"\/logo.png","url":"\/logo.png","width":600,"height":60}},"image":null,"wordCount":235,"keywords":null},{"@type":"Article","@id":"https:\/\/www.plackarna.cz\/vymahani-pohledavek\/","headline":"Vym\u00e1h\u00e1n\u00ed pohled\u00e1vek","url":"https:\/\/www.plackarna.cz\/vymahani-pohledavek\/","datePublished":"2025-04-10","dateModified":"2025-04-10","mainEntityOfPage":"https:\/\/www.plackarna.cz\/vymahani-pohledavek\/","author":{"@type":"Person","@id":"https:\/\/www.plackarna.cz\/author\/#Person","name":"","url":"https:\/\/www.plackarna.cz\/author\/","identifier":1,"image":{"@type":"ImageObject","@id":"https:\/\/secure.gravatar.com\/avatar\/0c4621640b5c0734669aeb181ef77969b528487727344f28e734a206566ea0f1?s=96&d=mm&r=g","url":"https:\/\/secure.gravatar.com\/avatar\/0c4621640b5c0734669aeb181ef77969b528487727344f28e734a206566ea0f1?s=96&d=mm&r=g","height":96,"width":96}},"publisher":{"@type":"Organization","name":"plackarna.cz","logo":{"@type":"ImageObject","@id":"\/logo.png","url":"\/logo.png","width":600,"height":60}},"image":null,"wordCount":216,"keywords":null},{"@type":"Article","@id":"https:\/\/www.plackarna.cz\/oprava-autoklimatizaci\/","headline":"Oprava autoklimatizac\u00ed","url":"https:\/\/www.plackarna.cz\/oprava-autoklimatizaci\/","datePublished":"2025-04-05","dateModified":"2025-04-05","mainEntityOfPage":"https:\/\/www.plackarna.cz\/oprava-autoklimatizaci\/","author":{"@type":"Person","@id":"https:\/\/www.plackarna.cz\/author\/#Person","name":"","url":"https:\/\/www.plackarna.cz\/author\/","identifier":1,"image":{"@type":"ImageObject","@id":"https:\/\/secure.gravatar.com\/avatar\/0c4621640b5c0734669aeb181ef77969b528487727344f28e734a206566ea0f1?s=96&d=mm&r=g","url":"https:\/\/secure.gravatar.com\/avatar\/0c4621640b5c0734669aeb181ef77969b528487727344f28e734a206566ea0f1?s=96&d=mm&r=g","height":96,"width":96}},"publisher":{"@type":"Organization","name":"plackarna.cz","logo":{"@type":"ImageObject","@id":"\/logo.png","url":"\/logo.png","width":600,"height":60}},"image":{"@type":"ImageObject","@id":"https:\/\/www.plackarna.cz\/wp-content\/uploads\/drive-2700761_640.jpg","url":"https:\/\/www.plackarna.cz\/wp-content\/uploads\/drive-2700761_640.jpg","height":0,"width":0},"wordCount":543,"keywords":null},{"@type":"Article","@id":"https:\/\/www.plackarna.cz\/na-vasi-strechu-nase-stresni-okna\/","headline":"Na va\u0161i st\u0159echu na\u0161e st\u0159e\u0161n\u00ed okna","url":"https:\/\/www.plackarna.cz\/na-vasi-strechu-nase-stresni-okna\/","datePublished":"2025-04-03","dateModified":"2025-04-03","mainEntityOfPage":"https:\/\/www.plackarna.cz\/na-vasi-strechu-nase-stresni-okna\/","author":{"@type":"Person","@id":"https:\/\/www.plackarna.cz\/author\/#Person","name":"","url":"https:\/\/www.plackarna.cz\/author\/","identifier":1,"image":{"@type":"ImageObject","@id":"https:\/\/secure.gravatar.com\/avatar\/0c4621640b5c0734669aeb181ef77969b528487727344f28e734a206566ea0f1?s=96&d=mm&r=g","url":"https:\/\/secure.gravatar.com\/avatar\/0c4621640b5c0734669aeb181ef77969b528487727344f28e734a206566ea0f1?s=96&d=mm&r=g","height":96,"width":96}},"publisher":{"@type":"Organization","name":"plackarna.cz","logo":{"@type":"ImageObject","@id":"\/logo.png","url":"\/logo.png","width":600,"height":60}},"image":null,"wordCount":224,"keywords":null},{"@type":"Article","@id":"https:\/\/www.plackarna.cz\/jak-na-neprijemny-problem\/","headline":"Jak na nep\u0159\u00edjemn\u00fd probl\u00e9m?","url":"https:\/\/www.plackarna.cz\/jak-na-neprijemny-problem\/","datePublished":"2025-03-29","dateModified":"2025-03-29","mainEntityOfPage":"https:\/\/www.plackarna.cz\/jak-na-neprijemny-problem\/","author":{"@type":"Person","@id":"https:\/\/www.plackarna.cz\/author\/#Person","name":"","url":"https:\/\/www.plackarna.cz\/author\/","identifier":1,"image":{"@type":"ImageObject","@id":"https:\/\/secure.gravatar.com\/avatar\/0c4621640b5c0734669aeb181ef77969b528487727344f28e734a206566ea0f1?s=96&d=mm&r=g","url":"https:\/\/secure.gravatar.com\/avatar\/0c4621640b5c0734669aeb181ef77969b528487727344f28e734a206566ea0f1?s=96&d=mm&r=g","height":96,"width":96}},"publisher":{"@type":"Organization","name":"plackarna.cz","logo":{"@type":"ImageObject","@id":"\/logo.png","url":"\/logo.png","width":600,"height":60}},"image":{"@type":"ImageObject","@id":"https:\/\/www.plackarna.cz\/wp-content\/uploads\/tea-592041_640_2.jpg","url":"https:\/\/www.plackarna.cz\/wp-content\/uploads\/tea-592041_640_2.jpg","height":0,"width":0},"wordCount":555,"keywords":null},{"@type":"Article","@id":"https:\/\/www.plackarna.cz\/kdyz-je-nam-moc-teplo\/","headline":"Kdy\u017e je n\u00e1m moc teplo","url":"https:\/\/www.plackarna.cz\/kdyz-je-nam-moc-teplo\/","datePublished":"2025-03-29","dateModified":"2025-03-29","mainEntityOfPage":"https:\/\/www.plackarna.cz\/kdyz-je-nam-moc-teplo\/","author":{"@type":"Person","@id":"https:\/\/www.plackarna.cz\/author\/#Person","name":"","url":"https:\/\/www.plackarna.cz\/author\/","identifier":1,"image":{"@type":"ImageObject","@id":"https:\/\/secure.gravatar.com\/avatar\/0c4621640b5c0734669aeb181ef77969b528487727344f28e734a206566ea0f1?s=96&d=mm&r=g","url":"https:\/\/secure.gravatar.com\/avatar\/0c4621640b5c0734669aeb181ef77969b528487727344f28e734a206566ea0f1?s=96&d=mm&r=g","height":96,"width":96}},"publisher":{"@type":"Organization","name":"plackarna.cz","logo":{"@type":"ImageObject","@id":"\/logo.png","url":"\/logo.png","width":600,"height":60}},"image":{"@type":"ImageObject","@id":"https:\/\/www.plackarna.cz\/wp-content\/uploads\/b_10_10_10_10_10_10_8.jpg","url":"https:\/\/www.plackarna.cz\/wp-content\/uploads\/b_10_10_10_10_10_10_8.jpg","height":0,"width":0},"wordCount":654,"keywords":null},{"@type":"Article","@id":"https:\/\/www.plackarna.cz\/nejnovejsi-trendy\/","headline":"Nejnov\u011bj\u0161\u00ed trendy","url":"https:\/\/www.plackarna.cz\/nejnovejsi-trendy\/","datePublished":"2025-03-25","dateModified":"2025-03-25","mainEntityOfPage":"https:\/\/www.plackarna.cz\/nejnovejsi-trendy\/","author":{"@type":"Person","@id":"https:\/\/www.plackarna.cz\/author\/#Person","name":"","url":"https:\/\/www.plackarna.cz\/author\/","identifier":1,"image":{"@type":"ImageObject","@id":"https:\/\/secure.gravatar.com\/avatar\/0c4621640b5c0734669aeb181ef77969b528487727344f28e734a206566ea0f1?s=96&d=mm&r=g","url":"https:\/\/secure.gravatar.com\/avatar\/0c4621640b5c0734669aeb181ef77969b528487727344f28e734a206566ea0f1?s=96&d=mm&r=g","height":96,"width":96}},"publisher":{"@type":"Organization","name":"plackarna.cz","logo":{"@type":"ImageObject","@id":"\/logo.png","url":"\/logo.png","width":600,"height":60}},"image":null,"wordCount":217,"keywords":null}]},{"@context":"https:\/\/schema.org","@type":"WebSite","@id":"https:\/\/www.plackarna.cz\/#website","name":"Plack\u00e1rna","url":"https:\/\/www.plackarna.cz","potentialAction":{"@type":"SearchAction","target":"https:\/\/www.plackarna.cz\/?s={search_term_string}","query-input":"required name=search_term_string"}}]