[{"@context":"https:\/\/schema.org\/","@type":"Article","@id":"https:\/\/www.plackarna.cz\/i-vy-budte-in\/#Article","mainEntityOfPage":"https:\/\/www.plackarna.cz\/i-vy-budte-in\/","headline":"I vy bu\u010fte in!","name":"I vy bu\u010fte in!","description":"S rozvojem po\u010d\u00edta\u010dov\u00e9 techniky jsme sv\u011bdky zm\u011bny \u0159ady \u010dinnost\u00ed, kter\u00e9 \u010dlov\u011bk ve sv\u00e9 pr\u00e1ci pou\u017e\u00edv\u00e1 od nepam\u011bti. P\u0159edstavit si u\u010ditele v hodin\u011b bez klasick\u00e9 tabule a k\u0159\u00eddy je v mysl\u00edch na\u0161ich babi\u010dek dost nere\u00e1ln\u00e9. Doba se ale zm\u011bnila a nastala situace, kdy nejen p\u0159i v\u00fduce v\u00fdpo\u010detn\u00ed techniky pou\u017e\u00edv\u00e1me projekci z po\u010d\u00edta\u010de na b\u00edl\u00e1 tabule. Na\u0161e [&hellip;]","datePublished":"2025-01-21","dateModified":"2025-01-21","author":{"@type":"Person","@id":"https:\/\/www.plackarna.cz\/author\/#Person","name":"","url":"https:\/\/www.plackarna.cz\/author\/","identifier":1,"image":{"@type":"ImageObject","@id":"https:\/\/secure.gravatar.com\/avatar\/0c4621640b5c0734669aeb181ef77969b528487727344f28e734a206566ea0f1?s=96&d=mm&r=g","url":"https:\/\/secure.gravatar.com\/avatar\/0c4621640b5c0734669aeb181ef77969b528487727344f28e734a206566ea0f1?s=96&d=mm&r=g","height":96,"width":96}},"publisher":{"@type":"Organization","name":"plackarna.cz","logo":{"@type":"ImageObject","@id":"\/logo.png","url":"\/logo.png","width":600,"height":60}},"url":"https:\/\/www.plackarna.cz\/i-vy-budte-in\/","wordCount":207,"articleBody":"S rozvojem po\u010d\u00edta\u010dov\u00e9 techniky jsme sv\u011bdky zm\u011bny \u0159ady \u010dinnost\u00ed, kter\u00e9 \u010dlov\u011bk ve sv\u00e9 pr\u00e1ci pou\u017e\u00edv\u00e1 od nepam\u011bti. P\u0159edstavit si u\u010ditele v hodin\u011b bez klasick\u00e9 tabule a k\u0159\u00eddy je v mysl\u00edch na\u0161ich babi\u010dek dost nere\u00e1ln\u00e9. Doba se ale zm\u011bnila a nastala situace, kdy nejen p\u0159i v\u00fduce v\u00fdpo\u010detn\u00ed techniky pou\u017e\u00edv\u00e1me projekci z po\u010d\u00edta\u010de na b\u00edl\u00e1 tabule.Na\u0161e babi\u010dky si b\u011b\u017enou hodinu p\u0159i vyu\u010dov\u00e1n\u00ed bez k\u0159\u00eddy v jedn\u00e9 ruce a bez mazac\u00ed houby v druh\u00e9 ruce opravdu nedovedly p\u0159edstavit. V sou\u010dasn\u00e9 dob\u011b v\u0161ak doch\u00e1z\u00ed t\u00e9m\u011b\u0159 k revoluci v pr\u00e1ci u\u010ditele. Do \u0161kol se dost\u00e1vaj\u00ed tabule, na kter\u00e9 se nep\u00ed\u0161e k\u0159\u00eddou ani fixem. Interaktivn\u00ed b\u00edl\u00e1 tabule je stejn\u011b velk\u00e1 jako tabule klasick\u00e1, reaguje v\u0161ak na dotyk a je propojen\u00e1 s po\u010d\u00edta\u010dem.Pus\u0165te \u017e\u00e1k\u016fm film prost\u0159ednictv\u00edm na\u0161\u00ed b\u00edl\u00e9 tabule!I vy bu\u010fte in! Svoji b\u00edlou tabuli p\u0159em\u011b\u0148te na tabuli interaktivn\u00ed. Sta\u010d\u00ed v\u00e1m k tomu na\u0161e b\u00edl\u00e1 tabule a dal\u0161\u00ed n\u00e1le\u017eitosti.                                                                                                                                                                                                                                                                                                                                                                                        4\/5 - (2 votes)        "},{"@context":"https:\/\/schema.org\/","@type":"BreadcrumbList","itemListElement":[{"@type":"ListItem","position":1,"name":"I vy bu\u010fte in!","item":"https:\/\/www.plackarna.cz\/i-vy-budte-in\/#breadcrumbitem"}]}]