[{"@context":"https:\/\/schema.org\/","@type":"Article","@id":"https:\/\/www.plackarna.cz\/letni-odpoledne-je-nejprijemnejsi-doma\/#Article","mainEntityOfPage":"https:\/\/www.plackarna.cz\/letni-odpoledne-je-nejprijemnejsi-doma\/","headline":"Letn\u00ed odpoledne je nejp\u0159\u00edjemn\u011bj\u0161\u00ed doma","name":"Letn\u00ed odpoledne je nejp\u0159\u00edjemn\u011bj\u0161\u00ed doma","description":"U\u017e d\u00e1vno jsme odlo\u017eili zimn\u00ed v\u00fdbavu do sk\u0159\u00edn\u00ed, sklep\u016f, nebo na p\u016fdu. Te\u010f se kone\u010dn\u011b t\u011b\u0161\u00edme z prvn\u00edch jarn\u00edch paprsk\u016f a u\u017e\u00edv\u00e1me si p\u0159\u00edjemn\u00e9 slun\u00ed\u010dko. Kone\u010dn\u011b m\u016f\u017eeme za\u010d\u00edt obl\u00e9kat krat\u0161\u00ed kalhoty a trika, nebo letn\u00ed \u0161aty. Na\u0161e radost z neust\u00e1le rostouc\u00edch teplot v\u0161ak velmi rychle skon\u010d\u00ed. A to p\u0159esn\u011b ve chv\u00edli, kdy se ke slovu [&hellip;]","datePublished":"2017-12-24","dateModified":"2023-05-11","author":{"@type":"Person","@id":"https:\/\/www.plackarna.cz\/author\/#Person","name":"","url":"https:\/\/www.plackarna.cz\/author\/","identifier":1,"image":{"@type":"ImageObject","@id":"https:\/\/secure.gravatar.com\/avatar\/0c4621640b5c0734669aeb181ef77969b528487727344f28e734a206566ea0f1?s=96&d=mm&r=g","url":"https:\/\/secure.gravatar.com\/avatar\/0c4621640b5c0734669aeb181ef77969b528487727344f28e734a206566ea0f1?s=96&d=mm&r=g","height":96,"width":96}},"publisher":{"@type":"Organization","name":"plackarna.cz","logo":{"@type":"ImageObject","@id":"\/logo.png","url":"\/logo.png","width":600,"height":60}},"image":{"@type":"ImageObject","@id":"https:\/\/www.plackarna.cz\/wp-content\/uploads\/img_a305959_w2246_t1517311297.jpg","url":"https:\/\/www.plackarna.cz\/wp-content\/uploads\/img_a305959_w2246_t1517311297.jpg","height":0,"width":0},"url":"https:\/\/www.plackarna.cz\/letni-odpoledne-je-nejprijemnejsi-doma\/","about":["N\u00e1kupy"],"wordCount":430,"articleBody":"      U\u017e d\u00e1vno jsme odlo\u017eili zimn\u00ed v\u00fdbavu do sk\u0159\u00edn\u00ed, sklep\u016f, nebo na p\u016fdu. Te\u010f se kone\u010dn\u011b t\u011b\u0161\u00edme z prvn\u00edch jarn\u00edch paprsk\u016f a u\u017e\u00edv\u00e1me si p\u0159\u00edjemn\u00e9 slun\u00ed\u010dko. Kone\u010dn\u011b m\u016f\u017eeme za\u010d\u00edt obl\u00e9kat krat\u0161\u00ed kalhoty a trika, nebo letn\u00ed \u0161aty. Na\u0161e radost z neust\u00e1le rostouc\u00edch teplot v\u0161ak velmi rychle skon\u010d\u00ed. A to p\u0159esn\u011b ve chv\u00edli, kdy se ke slovu p\u0159ihl\u00e1s\u00ed tropick\u00e1 vedra.Kdy\u017e p\u0159ed sluncem ut\u00edk\u00e1me S p\u0159\u00edchodem letn\u00edch m\u011bs\u00edc\u016f se skute\u010dn\u011b chv\u00edli radujeme z vysok\u00fdch teplot. M\u016f\u017eeme si u\u017e\u00edvat koupali\u0161\u0165 a vodn\u00edch radov\u00e1nek u rybn\u00edk\u016f a p\u0159ehrad. Tak\u00e9 se t\u011b\u0161\u00edme na odpo\u010dinek na pl\u00e1\u017ei a na\u0161i letn\u00ed dovolenou. Pak v\u0161ak p\u0159ich\u00e1z\u00ed t\u00fddny, kter\u00e9 mus\u00edme str\u00e1vit p\u0159es den v zam\u011bstn\u00e1n\u00ed a odpoledne se vrac\u00edme dom\u016f. U\u017e p\u0159i vstupu do p\u0159eds\u00edn\u011b c\u00edt\u00edme, \u017ee teplota v byt\u011b vystoupala na skute\u010dn\u011b nep\u0159\u00edjemnou hranici a my m\u00e1me jen malou \u0161anci na \u00fanik. V pozdn\u00edm odpoledni u\u017e m\u00e1lokdy m\u00e1me mo\u017enost opustit byt a odej\u00edt na koupali\u0161t\u011b. Proto mus\u00edme str\u00e1vit v byt\u011b \u010di dom\u011b dlouh\u00e9 hodiny. Vyv\u011btrat v m\u00edstnostech m\u016f\u017eeme a\u017e v pozdn\u00edch ve\u010dern\u00edch hodin\u00e1ch a i tak, n\u00e1m to p\u0159inese jen m\u00edrnou \u00falevu a drobn\u00e9 ochlazen\u00ed.Pro byty i domy V letn\u00edm obdob\u00ed se sna\u017e\u00edme ochlazovat studen\u00fdmi n\u00e1poji, zmrzlinou a nejr\u016fzn\u011bj\u0161\u00edmi stoln\u00edmi nebo stojac\u00edmi ventil\u00e1tory. V\u0161e zm\u00edn\u011bn\u00e9 v\u0161ak p\u0159inese \u00falevu jen na kr\u00e1tkou chv\u00edli. Je t\u0159eba b\u00fdt modern\u00ed a modern\u00ed za\u0159\u00edzen\u00ed si po\u0159\u00eddit i do sv\u00e9ho bytu a domu. Prodej klimatizac\u00ed se v posledn\u00edch letech velmi roz\u0161\u00ed\u0159il a d\u00e1vno neplat\u00ed, \u017ee by z\u00e1kazn\u00edky byly jen firmy a spole\u010dnosti. Cel\u00e1 \u0159ada dom\u00e1cnost\u00ed a bytov\u00fdch jednotek si ji\u017e vlastn\u00ed klimatiza\u010dn\u00ed jednotku tak\u00e9 po\u0159\u00eddili. Je na \u010dase, abyste jejich \u0159ady doplnili i vy. Kone\u010dn\u011b se v\u00e1\u0161 domov stane p\u0159\u00edjemn\u00fdm m\u00edstem, a to dokonce i v dob\u011b, kdy tropick\u00e9 teploty p\u0159eb\u00edraj\u00ed vl\u00e1du na cel\u00e9 t\u00fddny. Pro p\u0159\u00edjemn\u011b str\u00e1ven\u00e9 letn\u00ed odpoledne u\u017e nemus\u00edte na koupali\u0161t\u011b, nebo na dovolenou. P\u0159\u00edjemn\u00e9 letn\u00ed odpoledne str\u00e1v\u00edte i doma!                                                                                                                                                                                                                                                                                                                                                                                          4.1\/5 - (7 votes)        "},{"@context":"https:\/\/schema.org\/","@type":"BreadcrumbList","itemListElement":[{"@type":"ListItem","position":1,"name":"Letn\u00ed odpoledne je nejp\u0159\u00edjemn\u011bj\u0161\u00ed doma","item":"https:\/\/www.plackarna.cz\/letni-odpoledne-je-nejprijemnejsi-doma\/#breadcrumbitem"}]}]