[{"@context":"https:\/\/schema.org\/","@type":"Article","@id":"https:\/\/www.plackarna.cz\/menopauza-je-spojena-se-zvysenou-potrebou-vitaminu-a-mineralu-ktere-vam-doda-nas-preparat\/#Article","mainEntityOfPage":"https:\/\/www.plackarna.cz\/menopauza-je-spojena-se-zvysenou-potrebou-vitaminu-a-mineralu-ktere-vam-doda-nas-preparat\/","headline":"Menopauza je spojena se zv\u00fd\u0161enou pot\u0159ebou vitam\u00edn\u016f a miner\u00e1l\u016f, kter\u00e9 V\u00e1m dod\u00e1 n\u00e1\u0161 prepar\u00e1t","name":"Menopauza je spojena se zv\u00fd\u0161enou pot\u0159ebou vitam\u00edn\u016f a miner\u00e1l\u016f, kter\u00e9 V\u00e1m dod\u00e1 n\u00e1\u0161 prepar\u00e1t","description":"Pot\u00ed\u017ee, kter\u00e9 spojuje , lze efektivn\u011b odbourat pou\u017eit\u00edm p\u0159\u00edrodn\u00edho p\u0159\u00edpravku, kter\u00fd je zcela bezpe\u010dn\u00fdm prvkem v boji proti nep\u0159\u00edjemn\u00fdm stav\u016fm nevyrovnan\u00fdch hormon\u016f. Menopauza se m\u016f\u017ee zd\u00e1t jako choulostiv\u011b \u0159e\u0161iteln\u00e1 z\u00e1le\u017eitost. V dne\u0161n\u00ed dob\u011b v\u0161ak \u017eeny nemusej\u00ed ztr\u00e1cet drahocenn\u00fd \u010das a ani se stresovat n\u00e1v\u0161t\u011bvou l\u00e9ka\u0159e. Ani nen\u00ed nutn\u00e9 vyd\u00e1vat horentn\u00ed sumy za l\u00e9\u010dbu p\u0159\u00edznak\u016f, jimi\u017e [&hellip;]","datePublished":"2024-11-11","dateModified":"2024-11-11","author":{"@type":"Person","@id":"https:\/\/www.plackarna.cz\/author\/#Person","name":"","url":"https:\/\/www.plackarna.cz\/author\/","identifier":1,"image":{"@type":"ImageObject","@id":"https:\/\/secure.gravatar.com\/avatar\/0c4621640b5c0734669aeb181ef77969b528487727344f28e734a206566ea0f1?s=96&d=mm&r=g","url":"https:\/\/secure.gravatar.com\/avatar\/0c4621640b5c0734669aeb181ef77969b528487727344f28e734a206566ea0f1?s=96&d=mm&r=g","height":96,"width":96}},"publisher":{"@type":"Organization","name":"plackarna.cz","logo":{"@type":"ImageObject","@id":"\/logo.png","url":"\/logo.png","width":600,"height":60}},"url":"https:\/\/www.plackarna.cz\/menopauza-je-spojena-se-zvysenou-potrebou-vitaminu-a-mineralu-ktere-vam-doda-nas-preparat\/","wordCount":185,"articleBody":"\tPot\u00ed\u017ee, kter\u00e9 spojuje , lze efektivn\u011b odbourat pou\u017eit\u00edm p\u0159\u00edrodn\u00edho p\u0159\u00edpravku, kter\u00fd je zcela bezpe\u010dn\u00fdm prvkem v boji proti nep\u0159\u00edjemn\u00fdm stav\u016fm nevyrovnan\u00fdch hormon\u016f.\tMenopauza se m\u016f\u017ee zd\u00e1t jako choulostiv\u011b \u0159e\u0161iteln\u00e1 z\u00e1le\u017eitost. V dne\u0161n\u00ed dob\u011b v\u0161ak \u017eeny nemusej\u00ed ztr\u00e1cet drahocenn\u00fd \u010das a ani se stresovat n\u00e1v\u0161t\u011bvou l\u00e9ka\u0159e. Ani nen\u00ed nutn\u00e9 vyd\u00e1vat horentn\u00ed sumy za l\u00e9\u010dbu p\u0159\u00edznak\u016f, jimi\u017e dovede menopauza potr\u00e1pit. Za p\u0159\u00edzniv\u00e9 ceny lze prost\u0159ednictv\u00edm internetu nakoupit skute\u010dn\u011b p\u016fsob\u00edc\u00ed prost\u0159edek, kter\u00fd je voln\u011b dostupn\u00fd k prodeji. P\u0159itom je zcela bezpe\u010dn\u00fd, nezp\u016fsobuje \u017e\u00e1dn\u00e1 zdravotn\u00ed rizika a neohro\u017euje \u017eeny na \u017eivot\u011b. U\u017eitek je jednozna\u010dn\u011b pozitivn\u00ed.\tSta\u0148te se sou\u010d\u00e1st\u00ed \u00fa\u010dinku\tPro omlazuj\u00edc\u00ed pocity si objednejte exkluzivn\u011b p\u016fsob\u00edc\u00ed p\u0159\u00edpravek, kter\u00fd V\u00e1m pom\u016f\u017ee zbavit se no\u010dn\u00edho pocen\u00ed, n\u00e1val\u016f horka, pocit\u016f m\u00e9n\u011bcennosti a depres\u00ed, p\u0159\u00edbytk\u016f na v\u00e1ze i ostatn\u00edch symptom\u016f, je\u017e zp\u016fsobuje menopauza.                                                                                                                                                                                                                                                                                                                                                                                        4.3\/5 - (3 votes)        "},{"@context":"https:\/\/schema.org\/","@type":"BreadcrumbList","itemListElement":[{"@type":"ListItem","position":1,"name":"Menopauza je spojena se zv\u00fd\u0161enou pot\u0159ebou vitam\u00edn\u016f a miner\u00e1l\u016f, kter\u00e9 V\u00e1m dod\u00e1 n\u00e1\u0161 prepar\u00e1t","item":"https:\/\/www.plackarna.cz\/menopauza-je-spojena-se-zvysenou-potrebou-vitaminu-a-mineralu-ktere-vam-doda-nas-preparat\/#breadcrumbitem"}]}]