[{"@context":"https:\/\/schema.org\/","@type":"Article","@id":"https:\/\/www.plackarna.cz\/moda-se-vraci\/#Article","mainEntityOfPage":"https:\/\/www.plackarna.cz\/moda-se-vraci\/","headline":"M\u00f3da se vrac\u00ed","name":"M\u00f3da se vrac\u00ed","description":"Bav\u00ed v\u00e1s m\u00f3da? J\u00e1 si mysl\u00edm, \u017ee ka\u017ed\u00fd \u010dlov\u011bk m\u00e1 n\u011bjak r\u00e1d m\u00f3du a t\u0159eba si to ani nechce p\u0159ipou\u0161t\u011bt. T\u0159eba m\u016fj mlad\u0161\u00ed bratr, kter\u00e9mu je \u0161estn\u00e1ct let. On v\u017edycky byl zast\u00e1ncem toho, \u017ee jakmile vstane r\u00e1no z postele, tak si vezme na sebe to oble\u010den\u00ed, kter\u00e9mu ihned padne pod ruku. Jenom\u017ee on to jenom [&hellip;]","datePublished":"2022-08-23","dateModified":"2023-05-11","author":{"@type":"Person","@id":"https:\/\/www.plackarna.cz\/author\/#Person","name":"","url":"https:\/\/www.plackarna.cz\/author\/","identifier":1,"image":{"@type":"ImageObject","@id":"https:\/\/secure.gravatar.com\/avatar\/0c4621640b5c0734669aeb181ef77969b528487727344f28e734a206566ea0f1?s=96&d=mm&r=g","url":"https:\/\/secure.gravatar.com\/avatar\/0c4621640b5c0734669aeb181ef77969b528487727344f28e734a206566ea0f1?s=96&d=mm&r=g","height":96,"width":96}},"publisher":{"@type":"Organization","name":"plackarna.cz","logo":{"@type":"ImageObject","@id":"\/logo.png","url":"\/logo.png","width":600,"height":60}},"image":{"@type":"ImageObject","@id":"https:\/\/www.plackarna.cz\/wp-content\/uploads\/woman-1839955_960_720.jpg","url":"https:\/\/www.plackarna.cz\/wp-content\/uploads\/woman-1839955_960_720.jpg","height":0,"width":0},"url":"https:\/\/www.plackarna.cz\/moda-se-vraci\/","about":["M\u00f3da"],"wordCount":457,"articleBody":"Bav\u00ed v\u00e1s m\u00f3da? J\u00e1 si mysl\u00edm, \u017ee ka\u017ed\u00fd \u010dlov\u011bk m\u00e1 n\u011bjak r\u00e1d m\u00f3du a t\u0159eba si to ani nechce p\u0159ipou\u0161t\u011bt. T\u0159eba m\u016fj mlad\u0161\u00ed bratr, kter\u00e9mu je \u0161estn\u00e1ct let. On v\u017edycky byl zast\u00e1ncem toho, \u017ee jakmile vstane r\u00e1no z postele, tak si vezme na sebe to oble\u010den\u00ed, kter\u00e9mu ihned padne pod ruku. Jenom\u017ee on to jenom tak \u0159\u00edk\u00e1, ale realita je \u00fapln\u011b jin\u00e1. On ani si to mo\u017en\u00e1 neuv\u011bdomuje, ale oble\u010den\u00ed si opravdu pe\u010dliv\u011b ka\u017ed\u00fd den vyb\u00edr\u00e1. N\u011bkdy ho kolikr\u00e1t vid\u00edm, jak t\u0159eba ve sk\u0159\u00edni hled\u00e1, jak\u00e9 je nejvhodn\u011bj\u0161\u00ed tri\u010dko anebo bunda nebo mikina. Mysl\u00edm si, \u017ee kdy\u017e d\u00edt\u011b doroste do n\u011bjak\u00e9ho ur\u010dit\u00e9ho v\u011bku, tak u\u017e o sebe za\u010dne v\u00edce db\u00e1t. A nen\u00ed to t\u00edm, \u017ee t\u0159eba se za\u010dne v\u00edce m\u00fdt a v\u011bnovat se v\u00edce sv\u00e9 osobn\u00ed hygien\u011b. Nap\u0159\u00edklad mi mlad\u0161\u00ed bratr \u0159ekl, \u017ee m\u00e1 hodn\u011b o\u0161unt\u011bl\u00e9 a rozp\u00e1ran\u00e9 d\u017e\u00edny. Nev\u00edm, co je na tom m\u00f3dn\u00edho. Ale kdy si vzpomenu na sebe, tak za m\u011b taky takov\u00e1 m\u00f3da jeden rok byla.O\u0161oupan\u00e9 a d\u011brav\u00e9 d\u017e\u00edny. Ani jsem netu\u0161ila, \u017ee se to nos\u00ed. Zrovna zase ta doba. Ale ona to m\u016f\u017ee b\u00fdt zase z\u00e1bava. Pamatuji si, jak\u00a0jsme\u00a0s kamar\u00e1dkou v ml\u00e1d\u00ed si d\u011brav\u011bly z\u00e1m\u011brn\u011b nov\u00e9 d\u017e\u00edny, proto\u017ee to d\u0159\u00edve byla opravdu\u00a0velk\u00e1\u00a0m\u00f3da. Vy s to jist\u011b taky pamatujete. Nicm\u00e9n\u011b ale m\u016fj bratr m\u00e1 takov\u00e9 d\u017e\u00edny troje a vypadaj\u00ed jedny jako druh\u00e9. A nos\u00ed je velmi \u010dasto. Tohle v\u017edycky \u00fapln\u011b nesn\u00e1\u0161ela moje babi\u010dka a d\u011bda. Ti \u0159\u00edkali, \u017ee vypad\u00e1me jako \u0161up\u00e1ci, \u017ee nem\u00e1me pen\u00edze norm\u00e1ln\u00ed oble\u010den\u00ed. Kdyby ale v\u011bd\u011bli kolikr\u00e1t, \u017ee takov\u00e1 o\u0161unt\u011bl\u00e1 m\u00f3da stoj\u00ed n\u011bkdy v\u00edce pen\u011bz ne\u017e t\u0159eba neporu\u0161en\u00e9 d\u017e\u00edny. M\u00f3da se m\u011bn\u00ed a m\u00f3da je poka\u017ed\u00e9 jin\u00e1. Jak v\u0161ichni v\u00edme, tak v\u0161echno se vrac\u00ed. Co je dnes retro, tak za deset let to bude\u00a0m\u00f3dn\u00ed novinka. A m\u011b se\u00a0tenhle\u00a0styl m\u00f3dy\u00a0moc\u00a0l\u00edb\u00ed. A pro\u010d\u00a0bychom nemohli nosit co chceme? Na\u0161t\u011bst\u00ed j\u00e1 moc m\u00f3dn\u00ed trendy\u00a0nesleduji,\u00a0proto\u017ee\u00a0m\u00e1m sv\u00e9\u00a0obl\u00edben\u00e9\u00a0m\u00f3dn\u00ed\u00a0kousky, tak\u017ee si nos\u00edm v\u011bt\u0161inou to, co zrovna chci a v \u010dem se c\u00edt\u00edm pohodln\u011b.\u00a0                                                                                                                                                                                                                                                                                                                                                                                        4.5\/5 - (6 votes)        "},{"@context":"https:\/\/schema.org\/","@type":"BreadcrumbList","itemListElement":[{"@type":"ListItem","position":1,"name":"M\u00f3da se vrac\u00ed","item":"https:\/\/www.plackarna.cz\/moda-se-vraci\/#breadcrumbitem"}]}]