[{"@context":"https:\/\/schema.org\/","@type":"Article","@id":"https:\/\/www.plackarna.cz\/na-prvni-pohled\/#Article","mainEntityOfPage":"https:\/\/www.plackarna.cz\/na-prvni-pohled\/","headline":"Na prvn\u00ed pohled","name":"Na prvn\u00ed pohled","description":"V\u0161imli jste si toho, \u017ee jsou vchody, kter\u00e9 mineme bez pov\u0161imnut\u00ed, a \u017ee jsou ty, ke kter\u00fdm se n\u00e1\u0161 zrak cht\u011b necht\u011b sto\u010d\u00ed? Ot\u00e1zkou z\u016fst\u00e1v\u00e1, \u010d\u00edm to asi bude? Jednoduch\u00e1 odpov\u011b\u010f se nab\u00edz\u00ed. Je to t\u00edm, \u017ee jejich majitel\u00e9 byli chyt\u0159\u00ed, a po\u0159\u00eddili si u n\u00e1s kvalitn\u00ed vchodov\u00e9 dve\u0159e Bene\u0161ov! Ty nikoho nenechaj\u00ed na pochyb\u00e1ch, [&hellip;]","datePublished":"2023-10-27","dateModified":"2023-10-27","author":{"@type":"Person","@id":"https:\/\/www.plackarna.cz\/author\/#Person","name":"","url":"https:\/\/www.plackarna.cz\/author\/","identifier":1,"image":{"@type":"ImageObject","@id":"https:\/\/secure.gravatar.com\/avatar\/0c4621640b5c0734669aeb181ef77969b528487727344f28e734a206566ea0f1?s=96&d=mm&r=g","url":"https:\/\/secure.gravatar.com\/avatar\/0c4621640b5c0734669aeb181ef77969b528487727344f28e734a206566ea0f1?s=96&d=mm&r=g","height":96,"width":96}},"publisher":{"@type":"Organization","name":"plackarna.cz","logo":{"@type":"ImageObject","@id":"\/logo.png","url":"\/logo.png","width":600,"height":60}},"url":"https:\/\/www.plackarna.cz\/na-prvni-pohled\/","wordCount":240,"articleBody":"V\u0161imli jste si toho, \u017ee jsou vchody, kter\u00e9 mineme bez pov\u0161imnut\u00ed, a \u017ee jsou ty, ke kter\u00fdm se n\u00e1\u0161 zrak cht\u011b necht\u011b sto\u010d\u00ed? Ot\u00e1zkou z\u016fst\u00e1v\u00e1, \u010d\u00edm to asi bude? Jednoduch\u00e1 odpov\u011b\u010f se nab\u00edz\u00ed. Je to t\u00edm, \u017ee jejich majitel\u00e9 byli chyt\u0159\u00ed, a po\u0159\u00eddili si u n\u00e1s kvalitn\u00ed vchodov\u00e9 dve\u0159e Bene\u0161ov! Ty nikoho nenechaj\u00ed na pochyb\u00e1ch, \u017ee za t\u011bmito zdmi bydl\u00ed opravdu ten, kdo rozum\u00ed designu a kvalit\u011b jako takov\u00e9, \u017ee tam bydl\u00ed ten, kdo v\u00ed, jak si zp\u0159\u00edjemnit svoje \u017eit\u00ed! Nen\u00ed to jednoduch\u00e9, ne ka\u017ed\u00fd si dok\u00e1\u017ee v t\u00e9to oblasti poradit. Ne ka\u017ed\u00fd v\u00ed, jak\u00fd materi\u00e1l pou\u017e\u00edt! Ale jedno je jasn\u00e9, \u017ee pokud padne volba na na\u0161e v\u00fdrobky, nem\u016f\u017eete nikdy ud\u011blat chybu!S n\u00e1mi to p\u016fjde samoNa na\u0161ich str\u00e1nk\u00e1ch objev\u00edte spoustu n\u00e1pad\u016f a praktick\u00fdch v\u00fdrobk\u016f pro va\u0161e bydlen\u00ed. Nebude probl\u00e9m vybrat to, co byste jinde jen marn\u011b sh\u00e1n\u011bli! P\u0159ipravili jsme sortiment pouze toho nejlep\u0161\u00edho, co se v\u00e1m kde nab\u00edz\u00ed! Mas\u00edvn\u00ed materi\u00e1ly, \u0159emesln\u00e9 zpracov\u00e1n\u00ed, vynikaj\u00edc\u00ed ceny, tak to je vizitka, kterou se m\u016f\u017eeme py\u0161nit! Kdo jednou okusil z na\u0161ich produkt\u016f, u\u017e nechce jinak! A tak\u00e9 pro\u010d? Pokud na jednom m\u00edst\u011b naleznete v\u0161e, co jste kdy cht\u011bli!                                                                                                                                                                                                                                                                                                                                                                                        4.6\/5 - (8 votes)        "},{"@context":"https:\/\/schema.org\/","@type":"BreadcrumbList","itemListElement":[{"@type":"ListItem","position":1,"name":"Na prvn\u00ed pohled","item":"https:\/\/www.plackarna.cz\/na-prvni-pohled\/#breadcrumbitem"}]}]