[{"@context":"https:\/\/schema.org\/","@type":"Article","@id":"https:\/\/www.plackarna.cz\/najit-v-praze-schopne-architekty-neni-slozite\/#Article","mainEntityOfPage":"https:\/\/www.plackarna.cz\/najit-v-praze-schopne-architekty-neni-slozite\/","headline":"Naj\u00edt v Praze schopn\u00e9 architekty nen\u00ed slo\u017eit\u00e9","name":"Naj\u00edt v Praze schopn\u00e9 architekty nen\u00ed slo\u017eit\u00e9","description":"Najdete je nejenom v r\u016fzn\u00fdch nez\u00e1visl\u00fdch studi\u00edch, ale tak\u00e9 ve v\u011bt\u0161\u00edch stavebn\u00edch firm\u00e1ch. Pr\u00e1v\u011b bytov\u00fd architekt v Praze Bydesign je d\u016fle\u017eit\u00fdm odborn\u00edkem, kter\u00fd m\u016f\u017ee vy\u0159e\u0161it ve\u0161ker\u00e9 z\u00e1le\u017eitosti, kter\u00e9 se t\u00fdkaj\u00ed interi\u00e9ru, ale tak\u00e9 exteri\u00e9ru byt\u016f. Proto byste jej m\u011bli v\u017edy p\u0159izvat na pomoc, co\u017e p\u0159itom neznamen\u00e1 jenom p\u0159i stavb\u011b nov\u00e9ho bytu, ale tak\u00e9 zvl\u00e1\u0161t\u011b p\u0159i [&hellip;]","datePublished":"2020-02-08","dateModified":"2023-05-11","author":{"@type":"Person","@id":"https:\/\/www.plackarna.cz\/author\/#Person","name":"","url":"https:\/\/www.plackarna.cz\/author\/","identifier":1,"image":{"@type":"ImageObject","@id":"https:\/\/secure.gravatar.com\/avatar\/0c4621640b5c0734669aeb181ef77969b528487727344f28e734a206566ea0f1?s=96&d=mm&r=g","url":"https:\/\/secure.gravatar.com\/avatar\/0c4621640b5c0734669aeb181ef77969b528487727344f28e734a206566ea0f1?s=96&d=mm&r=g","height":96,"width":96}},"publisher":{"@type":"Organization","name":"plackarna.cz","logo":{"@type":"ImageObject","@id":"\/logo.png","url":"\/logo.png","width":600,"height":60}},"image":{"@type":"ImageObject","@id":"https:\/\/www.plackarna.cz\/wp-content\/uploads\/img_a375121_w1932_t1586945152.jpg","url":"https:\/\/www.plackarna.cz\/wp-content\/uploads\/img_a375121_w1932_t1586945152.jpg","height":0,"width":0},"url":"https:\/\/www.plackarna.cz\/najit-v-praze-schopne-architekty-neni-slozite\/","about":["N\u00e1kupy"],"wordCount":408,"articleBody":"      Najdete je nejenom v r\u016fzn\u00fdch nez\u00e1visl\u00fdch studi\u00edch, ale tak\u00e9 ve v\u011bt\u0161\u00edch stavebn\u00edch firm\u00e1ch. Pr\u00e1v\u011b bytov\u00fd architekt v Praze Bydesign je d\u016fle\u017eit\u00fdm odborn\u00edkem, kter\u00fd m\u016f\u017ee vy\u0159e\u0161it ve\u0161ker\u00e9 z\u00e1le\u017eitosti, kter\u00e9 se t\u00fdkaj\u00ed interi\u00e9ru, ale tak\u00e9 exteri\u00e9ru byt\u016f. Proto byste jej m\u011bli v\u017edy p\u0159izvat na pomoc, co\u017e p\u0159itom neznamen\u00e1 jenom p\u0159i stavb\u011b nov\u00e9ho bytu, ale tak\u00e9 zvl\u00e1\u0161t\u011b p\u0159i rekonstrukc\u00edch. Mo\u017en\u00e1 byste se divili, jak\u00fdch \u010din\u016f jsou schopn\u00ed lid\u00e9, kte\u0159\u00ed nejsou nik\u00fdm vedeni. N\u00e1sledn\u011b toti\u017e vznikaj\u00ed jednotky, kter\u00e9 jsou zcela neobyvateln\u00e9, a to proto, \u017ee si n\u011bkdo tvo\u0159il interi\u00e9r podle sv\u00fdch nejhor\u0161\u00edch sn\u016f, a nep\u0159em\u00fd\u0161lel nad t\u00edm ani trochu kriticky. Kritick\u00fd n\u00e1hled je mimo\u0159\u00e1dn\u011b d\u016fle\u017eit\u00fd V\u00fdhodou architekt\u016f je to, \u017ee dok\u00e1\u017eou sm\u00fd\u0161let kriticky. To se vyplat\u00ed nejenom v p\u0159\u00edpadech, kdy maj\u00ed v hlav\u011b mnoho n\u00e1pad\u016f, ale tak\u00e9 zejm\u00e9na tehdy, kdy\u017e n\u00e1pad m\u00e1 n\u011bkdo jin\u00fd. Sta\u010d\u00ed se pod\u00edvat na kreace, kter\u00fdch jsou n\u011bkte\u0159\u00ed lidi schopn\u00ed. N\u00e1sledn\u011b takov\u00e1 obydl\u00ed nelze ani pronajmout, ani s nimi d\u011blat nic jin\u00e9ho, proto\u017ee se zkr\u00e1tka nikomu nel\u00edb\u00ed. Toho v\u0161ak nelze dos\u00e1hnout s odbornou radou architekta, a to zejm\u00e9na toho bytov\u00e9ho. Jak moc se vyplat\u00ed pomoc architekta? Jeho pracovn\u00ed n\u00e1pln\u00ed je tvo\u0159it praktick\u00e9, ale p\u0159itom dob\u0159e vypadaj\u00ed interi\u00e9ry = lid\u00e9 jsou v sou\u010dasn\u00e9 dob\u011b velmi h\u00e1kliv\u00ed na to, kdy\u017e n\u011bco nevypad\u00e1 dob\u0159e, a o bytech to plat\u00ed dvojn\u00e1sob, nav\u00edc jsou mo\u017enosti n\u011bkde zcela jinde, ne\u017e byly v minulosti Jedn\u00e1 se o v\u0161eobecnou \u00fasporu = jenom si p\u0159edstavte tu situaci, kdy byste nemuseli nic vym\u00fd\u0161let, nic vyb\u00edrat, ale pouze hodnotit jednotliv\u00e9 n\u00e1vrhy a t\u0159eba pod\u00e1vat n\u011bjak\u00e9 n\u00e1vrhy pro vylep\u0161en\u00ed, co\u017e znamen\u00e1 va\u0161e maxim\u00e1ln\u00ed pohodl\u00ed Lid\u00e9 obecn\u011b nemaj\u00ed r\u00e1di, kdy\u017e maj\u00ed vyu\u017e\u00edvat slu\u017eby n\u011bkoho, koho by dok\u00e1zali zastoupit oni sami. ruku na srdce, mysl\u00edte si, \u017ee byste dok\u00e1zali nahradit pr\u00e1ci design\u00e9ra, kter\u00fd se  t\u011bmito o \u010dinnostmi zab\u00fdv\u00e1 ka\u017ed\u00fd den? Je to slo\u017eit\u00e9, a tak se vyplat\u00ed v\u011b\u0159it n\u011bkomu zku\u0161en\u011bj\u0161\u00edmu.                                                                                                                                                                                                                                                                                                                                                                                          3.8\/5 - (13 votes)        "},{"@context":"https:\/\/schema.org\/","@type":"BreadcrumbList","itemListElement":[{"@type":"ListItem","position":1,"name":"Naj\u00edt v Praze schopn\u00e9 architekty nen\u00ed slo\u017eit\u00e9","item":"https:\/\/www.plackarna.cz\/najit-v-praze-schopne-architekty-neni-slozite\/#breadcrumbitem"}]}]