[{"@context":"https:\/\/schema.org\/","@type":"Blog","@id":"https:\/\/www.plackarna.cz#Blog","headline":"Plack\u00e1rna","description":"\nV\u011bt\u0161inu probl\u00e9m\u016f, je\u017e lid\u00e9 maj\u00ed, n\u011bjak\u00e1 ta n\u00e1v\u0161t\u011bva na internetu nevy\u0159e\u0161\u00ed. Ale pokud \u010dlov\u011bk nav\u0161t\u00edv\u00ed n\u00e1\u0161 web, pom\u016f\u017eeme aspo\u0148 s t\u00edm, s \u010d\u00edm n\u011bco nad\u011blat dok\u00e1\u017eeme.","url":"https:\/\/www.plackarna.cz","hasPart":[{"@type":"Article","@id":"https:\/\/www.plackarna.cz\/pekne-sidlo\/","headline":"P\u011bkn\u00e9 s\u00eddlo","url":"https:\/\/www.plackarna.cz\/pekne-sidlo\/","datePublished":"2023-04-29","dateModified":"2023-06-01","mainEntityOfPage":"https:\/\/www.plackarna.cz\/pekne-sidlo\/","author":{"@type":"Person","@id":"https:\/\/www.plackarna.cz\/author\/#Person","name":"","url":"https:\/\/www.plackarna.cz\/author\/","identifier":1,"image":{"@type":"ImageObject","@id":"https:\/\/secure.gravatar.com\/avatar\/0c4621640b5c0734669aeb181ef77969b528487727344f28e734a206566ea0f1?s=96&d=mm&r=g","url":"https:\/\/secure.gravatar.com\/avatar\/0c4621640b5c0734669aeb181ef77969b528487727344f28e734a206566ea0f1?s=96&d=mm&r=g","height":96,"width":96}},"publisher":{"@type":"Organization","name":"plackarna.cz","logo":{"@type":"ImageObject","@id":"\/logo.png","url":"\/logo.png","width":600,"height":60}},"image":{"@type":"ImageObject","@id":"https:\/\/www.plackarna.cz\/wp-content\/uploads\/window-3042834_1280.jpg","url":"https:\/\/www.plackarna.cz\/wp-content\/uploads\/window-3042834_1280.jpg","height":0,"width":0},"wordCount":576,"keywords":null},{"@type":"Article","@id":"https:\/\/www.plackarna.cz\/jaky-plot-zvolit-a-proc\/","headline":"Jak\u00fd plot zvolit a pro\u010d?","url":"https:\/\/www.plackarna.cz\/jaky-plot-zvolit-a-proc\/","datePublished":"2023-04-24","dateModified":"2023-04-24","mainEntityOfPage":"https:\/\/www.plackarna.cz\/jaky-plot-zvolit-a-proc\/","author":{"@type":"Person","@id":"https:\/\/www.plackarna.cz\/author\/#Person","name":"","url":"https:\/\/www.plackarna.cz\/author\/","identifier":1,"image":{"@type":"ImageObject","@id":"https:\/\/secure.gravatar.com\/avatar\/0c4621640b5c0734669aeb181ef77969b528487727344f28e734a206566ea0f1?s=96&d=mm&r=g","url":"https:\/\/secure.gravatar.com\/avatar\/0c4621640b5c0734669aeb181ef77969b528487727344f28e734a206566ea0f1?s=96&d=mm&r=g","height":96,"width":96}},"publisher":{"@type":"Organization","name":"plackarna.cz","logo":{"@type":"ImageObject","@id":"\/logo.png","url":"\/logo.png","width":600,"height":60}},"image":{"@type":"ImageObject","@id":"https:\/\/www.plackarna.cz\/wp-content\/uploads\/fence-3577122_640_6.jpg","url":"https:\/\/www.plackarna.cz\/wp-content\/uploads\/fence-3577122_640_6.jpg","height":0,"width":0},"wordCount":535,"keywords":null},{"@type":"Article","@id":"https:\/\/www.plackarna.cz\/levne-vybaveni\/","headline":"Levn\u00e9 vybaven\u00ed","url":"https:\/\/www.plackarna.cz\/levne-vybaveni\/","datePublished":"2023-04-08","dateModified":"2024-04-12","mainEntityOfPage":"https:\/\/www.plackarna.cz\/levne-vybaveni\/","author":{"@type":"Person","@id":"https:\/\/www.plackarna.cz\/author\/#Person","name":"","url":"https:\/\/www.plackarna.cz\/author\/","identifier":1,"image":{"@type":"ImageObject","@id":"https:\/\/secure.gravatar.com\/avatar\/0c4621640b5c0734669aeb181ef77969b528487727344f28e734a206566ea0f1?s=96&d=mm&r=g","url":"https:\/\/secure.gravatar.com\/avatar\/0c4621640b5c0734669aeb181ef77969b528487727344f28e734a206566ea0f1?s=96&d=mm&r=g","height":96,"width":96}},"publisher":{"@type":"Organization","name":"plackarna.cz","logo":{"@type":"ImageObject","@id":"\/logo.png","url":"\/logo.png","width":600,"height":60}},"image":null,"wordCount":589,"keywords":null},{"@type":"Article","@id":"https:\/\/www.plackarna.cz\/odpocinek-na-miru\/","headline":"Odpo\u010dinek na m\u00edru","url":"https:\/\/www.plackarna.cz\/odpocinek-na-miru\/","datePublished":"2023-03-05","dateModified":"2024-03-07","mainEntityOfPage":"https:\/\/www.plackarna.cz\/odpocinek-na-miru\/","author":{"@type":"Person","@id":"https:\/\/www.plackarna.cz\/author\/#Person","name":"","url":"https:\/\/www.plackarna.cz\/author\/","identifier":1,"image":{"@type":"ImageObject","@id":"https:\/\/secure.gravatar.com\/avatar\/0c4621640b5c0734669aeb181ef77969b528487727344f28e734a206566ea0f1?s=96&d=mm&r=g","url":"https:\/\/secure.gravatar.com\/avatar\/0c4621640b5c0734669aeb181ef77969b528487727344f28e734a206566ea0f1?s=96&d=mm&r=g","height":96,"width":96}},"publisher":{"@type":"Organization","name":"plackarna.cz","logo":{"@type":"ImageObject","@id":"\/logo.png","url":"\/logo.png","width":600,"height":60}},"image":null,"wordCount":540,"keywords":null},{"@type":"Article","@id":"https:\/\/www.plackarna.cz\/co-s-nedostatkem-penez\/","headline":"Co s nedostatkem pen\u011bz?","url":"https:\/\/www.plackarna.cz\/co-s-nedostatkem-penez\/","datePublished":"2023-02-10","dateModified":"2023-02-10","mainEntityOfPage":"https:\/\/www.plackarna.cz\/co-s-nedostatkem-penez\/","author":{"@type":"Person","@id":"https:\/\/www.plackarna.cz\/author\/#Person","name":"","url":"https:\/\/www.plackarna.cz\/author\/","identifier":1,"image":{"@type":"ImageObject","@id":"https:\/\/secure.gravatar.com\/avatar\/0c4621640b5c0734669aeb181ef77969b528487727344f28e734a206566ea0f1?s=96&d=mm&r=g","url":"https:\/\/secure.gravatar.com\/avatar\/0c4621640b5c0734669aeb181ef77969b528487727344f28e734a206566ea0f1?s=96&d=mm&r=g","height":96,"width":96}},"publisher":{"@type":"Organization","name":"plackarna.cz","logo":{"@type":"ImageObject","@id":"\/logo.png","url":"\/logo.png","width":600,"height":60}},"image":{"@type":"ImageObject","@id":"https:\/\/www.plackarna.cz\/wp-content\/uploads\/zloty-7398729_960_720.jpg","url":"https:\/\/www.plackarna.cz\/wp-content\/uploads\/zloty-7398729_960_720.jpg","height":0,"width":0},"wordCount":585,"keywords":null},{"@type":"Article","@id":"https:\/\/www.plackarna.cz\/erekce-je-pryc\/","headline":"Erekce je pry\u010d?","url":"https:\/\/www.plackarna.cz\/erekce-je-pryc\/","datePublished":"2023-01-21","dateModified":"2023-05-11","mainEntityOfPage":"https:\/\/www.plackarna.cz\/erekce-je-pryc\/","author":{"@type":"Person","@id":"https:\/\/www.plackarna.cz\/author\/#Person","name":"","url":"https:\/\/www.plackarna.cz\/author\/","identifier":1,"image":{"@type":"ImageObject","@id":"https:\/\/secure.gravatar.com\/avatar\/0c4621640b5c0734669aeb181ef77969b528487727344f28e734a206566ea0f1?s=96&d=mm&r=g","url":"https:\/\/secure.gravatar.com\/avatar\/0c4621640b5c0734669aeb181ef77969b528487727344f28e734a206566ea0f1?s=96&d=mm&r=g","height":96,"width":96}},"publisher":{"@type":"Organization","name":"plackarna.cz","logo":{"@type":"ImageObject","@id":"\/logo.png","url":"\/logo.png","width":600,"height":60}},"image":{"@type":"ImageObject","@id":"https:\/\/www.plackarna.cz\/wp-content\/uploads\/condom-1822413_640_10_5.jpg","url":"https:\/\/www.plackarna.cz\/wp-content\/uploads\/condom-1822413_640_10_5.jpg","height":0,"width":0},"wordCount":604,"keywords":null},{"@type":"Article","@id":"https:\/\/www.plackarna.cz\/technika-pro-vsechny\/","headline":"Technika pro v\u0161echny","url":"https:\/\/www.plackarna.cz\/technika-pro-vsechny\/","datePublished":"2023-01-18","dateModified":"2023-10-20","mainEntityOfPage":"https:\/\/www.plackarna.cz\/technika-pro-vsechny\/","author":{"@type":"Person","@id":"https:\/\/www.plackarna.cz\/author\/#Person","name":"","url":"https:\/\/www.plackarna.cz\/author\/","identifier":1,"image":{"@type":"ImageObject","@id":"https:\/\/secure.gravatar.com\/avatar\/0c4621640b5c0734669aeb181ef77969b528487727344f28e734a206566ea0f1?s=96&d=mm&r=g","url":"https:\/\/secure.gravatar.com\/avatar\/0c4621640b5c0734669aeb181ef77969b528487727344f28e734a206566ea0f1?s=96&d=mm&r=g","height":96,"width":96}},"publisher":{"@type":"Organization","name":"plackarna.cz","logo":{"@type":"ImageObject","@id":"\/logo.png","url":"\/logo.png","width":600,"height":60}},"image":{"@type":"ImageObject","@id":"https:\/\/www.plackarna.cz\/wp-content\/uploads\/little-girl-1867297_1280.jpg","url":"https:\/\/www.plackarna.cz\/wp-content\/uploads\/little-girl-1867297_1280.jpg","height":0,"width":0},"wordCount":843,"keywords":null},{"@type":"Article","@id":"https:\/\/www.plackarna.cz\/novostavba-za-skvelou-cenu\/","headline":"Novostavba za skv\u011blou cenu","url":"https:\/\/www.plackarna.cz\/novostavba-za-skvelou-cenu\/","datePublished":"2022-12-21","dateModified":"2022-12-21","mainEntityOfPage":"https:\/\/www.plackarna.cz\/novostavba-za-skvelou-cenu\/","author":{"@type":"Person","@id":"https:\/\/www.plackarna.cz\/author\/#Person","name":"","url":"https:\/\/www.plackarna.cz\/author\/","identifier":1,"image":{"@type":"ImageObject","@id":"https:\/\/secure.gravatar.com\/avatar\/0c4621640b5c0734669aeb181ef77969b528487727344f28e734a206566ea0f1?s=96&d=mm&r=g","url":"https:\/\/secure.gravatar.com\/avatar\/0c4621640b5c0734669aeb181ef77969b528487727344f28e734a206566ea0f1?s=96&d=mm&r=g","height":96,"width":96}},"publisher":{"@type":"Organization","name":"plackarna.cz","logo":{"@type":"ImageObject","@id":"\/logo.png","url":"\/logo.png","width":600,"height":60}},"image":{"@type":"ImageObject","@id":"https:\/\/www.plackarna.cz\/wp-content\/uploads\/key-2323278_640_10.jpg","url":"https:\/\/www.plackarna.cz\/wp-content\/uploads\/key-2323278_640_10.jpg","height":0,"width":0},"wordCount":554,"keywords":null},{"@type":"Article","@id":"https:\/\/www.plackarna.cz\/nebankovni-hypoteka-v-akci\/","headline":"Nebankovn\u00ed hypot\u00e9ka v akci","url":"https:\/\/www.plackarna.cz\/nebankovni-hypoteka-v-akci\/","datePublished":"2022-12-13","dateModified":"2023-05-11","mainEntityOfPage":"https:\/\/www.plackarna.cz\/nebankovni-hypoteka-v-akci\/","author":{"@type":"Person","@id":"https:\/\/www.plackarna.cz\/author\/#Person","name":"","url":"https:\/\/www.plackarna.cz\/author\/","identifier":1,"image":{"@type":"ImageObject","@id":"https:\/\/secure.gravatar.com\/avatar\/0c4621640b5c0734669aeb181ef77969b528487727344f28e734a206566ea0f1?s=96&d=mm&r=g","url":"https:\/\/secure.gravatar.com\/avatar\/0c4621640b5c0734669aeb181ef77969b528487727344f28e734a206566ea0f1?s=96&d=mm&r=g","height":96,"width":96}},"publisher":{"@type":"Organization","name":"plackarna.cz","logo":{"@type":"ImageObject","@id":"\/logo.png","url":"\/logo.png","width":600,"height":60}},"image":{"@type":"ImageObject","@id":"https:\/\/www.plackarna.cz\/wp-content\/uploads\/pexels-photo-210990_6.jpeg","url":"https:\/\/www.plackarna.cz\/wp-content\/uploads\/pexels-photo-210990_6.jpeg","height":0,"width":0},"wordCount":652,"keywords":null},{"@type":"Article","@id":"https:\/\/www.plackarna.cz\/starat-se-o-sebe\/","headline":"Starat se o sebe","url":"https:\/\/www.plackarna.cz\/starat-se-o-sebe\/","datePublished":"2022-12-10","dateModified":"2022-12-10","mainEntityOfPage":"https:\/\/www.plackarna.cz\/starat-se-o-sebe\/","author":{"@type":"Person","@id":"https:\/\/www.plackarna.cz\/author\/#Person","name":"","url":"https:\/\/www.plackarna.cz\/author\/","identifier":1,"image":{"@type":"ImageObject","@id":"https:\/\/secure.gravatar.com\/avatar\/0c4621640b5c0734669aeb181ef77969b528487727344f28e734a206566ea0f1?s=96&d=mm&r=g","url":"https:\/\/secure.gravatar.com\/avatar\/0c4621640b5c0734669aeb181ef77969b528487727344f28e734a206566ea0f1?s=96&d=mm&r=g","height":96,"width":96}},"publisher":{"@type":"Organization","name":"plackarna.cz","logo":{"@type":"ImageObject","@id":"\/logo.png","url":"\/logo.png","width":600,"height":60}},"image":{"@type":"ImageObject","@id":"https:\/\/www.plackarna.cz\/wp-content\/uploads\/dentist-g2467788b0_640.jpg","url":"https:\/\/www.plackarna.cz\/wp-content\/uploads\/dentist-g2467788b0_640.jpg","height":0,"width":0},"wordCount":571,"keywords":null}]},{"@context":"https:\/\/schema.org","@type":"WebSite","@id":"https:\/\/www.plackarna.cz\/#website","name":"Plack\u00e1rna","url":"https:\/\/www.plackarna.cz","potentialAction":{"@type":"SearchAction","target":"https:\/\/www.plackarna.cz\/?s={search_term_string}","query-input":"required name=search_term_string"}}]