[{"@context":"https:\/\/schema.org\/","@type":"Article","@id":"https:\/\/www.plackarna.cz\/specialni-cenove-nabidky\/#Article","mainEntityOfPage":"https:\/\/www.plackarna.cz\/specialni-cenove-nabidky\/","headline":"Speci\u00e1ln\u00ed cenov\u00e9 nab\u00eddky","name":"Speci\u00e1ln\u00ed cenov\u00e9 nab\u00eddky","description":"Sh\u00e1n\u00edte n\u011bjakou \u0161ikovnou firmu \u010di partu, kter\u00e1 by dok\u00e1zala zastat skute\u010dn\u011b dobrou pr\u00e1ci t\u00fdkaj\u00edc\u00ed se rekonstrukce bytu? Cht\u011bli byste, aby se ka\u017ed\u00fd pak u v\u00e1s doma zastavil a byl p\u0159\u00edmo ohromen tou kr\u00e1sou interi\u00e9ru, kter\u00e1 ho p\u0159\u00edmo osln\u00ed? My to dok\u00e1\u017eeme! Jsme zku\u0161en\u00fdmi \u0159emesln\u00edky, kte\u0159\u00ed maj\u00ed ve sv\u00e9m t\u00fdmu specialisty na jednotliv\u00e9 pr\u00e1ce a dok\u00e1\u017eeme [&hellip;]","datePublished":"2024-01-09","dateModified":"2024-01-09","author":{"@type":"Person","@id":"https:\/\/www.plackarna.cz\/author\/#Person","name":"","url":"https:\/\/www.plackarna.cz\/author\/","identifier":1,"image":{"@type":"ImageObject","@id":"https:\/\/secure.gravatar.com\/avatar\/0c4621640b5c0734669aeb181ef77969b528487727344f28e734a206566ea0f1?s=96&d=mm&r=g","url":"https:\/\/secure.gravatar.com\/avatar\/0c4621640b5c0734669aeb181ef77969b528487727344f28e734a206566ea0f1?s=96&d=mm&r=g","height":96,"width":96}},"publisher":{"@type":"Organization","name":"plackarna.cz","logo":{"@type":"ImageObject","@id":"\/logo.png","url":"\/logo.png","width":600,"height":60}},"url":"https:\/\/www.plackarna.cz\/specialni-cenove-nabidky\/","wordCount":271,"articleBody":"Sh\u00e1n\u00edte n\u011bjakou \u0161ikovnou firmu \u010di partu, kter\u00e1 by dok\u00e1zala zastat skute\u010dn\u011b dobrou pr\u00e1ci t\u00fdkaj\u00edc\u00ed se rekonstrukce bytu? Cht\u011bli byste, aby se ka\u017ed\u00fd pak u v\u00e1s doma zastavil a byl p\u0159\u00edmo ohromen tou kr\u00e1sou interi\u00e9ru, kter\u00e1 ho p\u0159\u00edmo osln\u00ed? My to dok\u00e1\u017eeme! Jsme zku\u0161en\u00fdmi \u0159emesln\u00edky, kte\u0159\u00ed maj\u00ed ve sv\u00e9m t\u00fdmu specialisty na jednotliv\u00e9 pr\u00e1ce a dok\u00e1\u017eeme v\u00e1m tak poskytnout komplexn\u00ed slu\u017eby. A\u0165 pot\u0159ebujete cokoli, jsme tu pro v\u00e1s a vyjdeme v\u00e1m vst\u0159\u00edc. Na\u0161e slu\u017eby se odv\u00edj\u00ed p\u0159edev\u0161\u00edm od domluvy se z\u00e1kazn\u00edkem, proto\u017ee chceme ud\u011blat p\u0159esn\u011b to, co si p\u0159ejete vy. Postarat se ale um\u00edme o v\u0161e od podlahy a\u017e po stropn\u00ed sv\u011btla.\tJedine\u010dn\u00e1 \u0161ance, jak rychle zvl\u00e1dnout prom\u011bny v\u00a0byt\u011bOslovte n\u00e1s a u\u0161et\u0159ete sv\u016fj \u010das i energii, cht\u011bli bychom v\u00e1m toti\u017e usnadnit \u017eivot a \u0161et\u0159it va\u0161e ruce, kdy\u017e jsou tu ty na\u0161e. Nemus\u00edte se b\u00e1t ani ceny, proto\u017ee my pracujeme za opravdu p\u0159ijateln\u00e9 pen\u00edze. Na kompletn\u00ed rekonstrukci n\u00e1m d\u00e1te rozpo\u010det vy a za pr\u00e1ci to nebude \u017e\u00e1dn\u00e1 velk\u00e1 suma, tomu v\u011b\u0159te. Um\u00edme pracovat skute\u010dn\u011b rychle a p\u0159edev\u0161\u00edm na p\u0159\u00e1n\u00ed. Nev\u00e1hejte a obra\u0165te se na n\u00e1s telefonicky \u010di elektronicky, r\u00e1di v\u00e1m vyjdeme vst\u0159\u00edc a eventueln\u011b zodpov\u00edme ve\u0161ker\u00e9 dotazy, kter\u00e9 budete m\u00edt.                                                                                                                                                                                                                                                                                                                                                                                        4.2\/5 - (15 votes)        "},{"@context":"https:\/\/schema.org\/","@type":"BreadcrumbList","itemListElement":[{"@type":"ListItem","position":1,"name":"Speci\u00e1ln\u00ed cenov\u00e9 nab\u00eddky","item":"https:\/\/www.plackarna.cz\/specialni-cenove-nabidky\/#breadcrumbitem"}]}]