[{"@context":"https:\/\/schema.org\/","@type":"Article","@id":"https:\/\/www.plackarna.cz\/stehujeme-krehke-ale-tezke-predmety\/#Article","mainEntityOfPage":"https:\/\/www.plackarna.cz\/stehujeme-krehke-ale-tezke-predmety\/","headline":"St\u011bhujeme k\u0159ehk\u00e9, ale t\u011b\u017ek\u00e9 p\u0159edm\u011bty","name":"St\u011bhujeme k\u0159ehk\u00e9, ale t\u011b\u017ek\u00e9 p\u0159edm\u011bty","description":"Prosklen\u00e9 vitr\u00edny \u2013 p\u0159edstavte si, \u017ee m\u00e1te obchod, kamenn\u00fd kr\u00e1mek, v n\u011bm\u017e se nach\u00e1z\u00ed n\u00e1bytek s prosklen\u00fdmi vitr\u00ednami pro vystavov\u00e1n\u00ed zbo\u017e\u00ed. P\u0159est\u011bhov\u00e1n\u00ed sklen\u011bn\u00fdch vitr\u00edn je n\u00e1ro\u010dn\u011bj\u0161\u00ed v tom, \u017ee mus\u00edte ve\u0161ker\u00e1 skla demontovat a jednotliv\u011b zabalit. M\u016f\u017eete k tomu vyu\u017e\u00edt nap\u0159\u00edklad ekologick\u00fd kraftov\u00fd pap\u00edr, ka\u017ed\u00e9 sklo oblo\u017e\u00edte pap\u00edrem a p\u0159itisknete skla k sob\u011b, na\u010de\u017e se [&hellip;]","datePublished":"2025-01-11","dateModified":"2025-01-11","author":{"@type":"Person","@id":"https:\/\/www.plackarna.cz\/author\/#Person","name":"","url":"https:\/\/www.plackarna.cz\/author\/","identifier":1,"image":{"@type":"ImageObject","@id":"https:\/\/secure.gravatar.com\/avatar\/0c4621640b5c0734669aeb181ef77969b528487727344f28e734a206566ea0f1?s=96&d=mm&r=g","url":"https:\/\/secure.gravatar.com\/avatar\/0c4621640b5c0734669aeb181ef77969b528487727344f28e734a206566ea0f1?s=96&d=mm&r=g","height":96,"width":96}},"publisher":{"@type":"Organization","name":"plackarna.cz","logo":{"@type":"ImageObject","@id":"\/logo.png","url":"\/logo.png","width":600,"height":60}},"image":{"@type":"ImageObject","@id":"https:\/\/www.plackarna.cz\/wp-content\/uploads\/bathroom-4130000_640.jpg","url":"https:\/\/www.plackarna.cz\/wp-content\/uploads\/bathroom-4130000_640.jpg","height":0,"width":0},"url":"https:\/\/www.plackarna.cz\/stehujeme-krehke-ale-tezke-predmety\/","about":["Business"],"wordCount":441,"articleBody":"      Prosklen\u00e9 vitr\u00edny \u2013 p\u0159edstavte si, \u017ee m\u00e1te obchod, kamenn\u00fd kr\u00e1mek, v n\u011bm\u017e se nach\u00e1z\u00ed n\u00e1bytek s prosklen\u00fdmi vitr\u00ednami pro vystavov\u00e1n\u00ed zbo\u017e\u00ed. P\u0159est\u011bhov\u00e1n\u00ed sklen\u011bn\u00fdch vitr\u00edn je n\u00e1ro\u010dn\u011bj\u0161\u00ed v tom, \u017ee mus\u00edte ve\u0161ker\u00e1 skla demontovat a jednotliv\u011b zabalit. M\u016f\u017eete k tomu vyu\u017e\u00edt nap\u0159\u00edklad ekologick\u00fd kraftov\u00fd pap\u00edr, ka\u017ed\u00e9 sklo oblo\u017e\u00edte pap\u00edrem a p\u0159itisknete skla k sob\u011b, na\u010de\u017e se po ulo\u017een\u00ed do st\u011bhovac\u00edho vozu sklen\u011bn\u00e9 tabule ut\u011bsn\u00ed vrstvami textilu nebo molitanem \u010di polystyrenem.St\u011bhov\u00e1n\u00ed zrcadel \u2013 zrcadla jsou velmi k\u0159ehk\u00e1 a n\u00e1chyln\u00e1 na po\u0161kr\u00e1b\u00e1n\u00ed. Dal\u0161\u00edm \u00faskal\u00edm zrcadel je jejich velk\u00e1 plocha, co\u017e se t\u00fdk\u00e1 nap\u0159\u00edklad posuvn\u00fdch dve\u0159\u00ed vestav\u011bn\u00fdch sk\u0159\u00edn\u00ed. Ka\u017ed\u00e9 velk\u00e9 zrcadlo je t\u0159eba d\u016fkladn\u011b zabalit, op\u011bt tu vyu\u017eijete kraftov\u00fd pap\u00edr a star\u00e9 hadry nebo molitanov\u00e9 matrace. Velk\u00e1 skla a zrcadla mohou b\u00fdt n\u00e1chyln\u00e1 i na ot\u0159esy, proto je rozumn\u00e9 p\u0159i pokl\u00e1d\u00e1n\u00ed do st\u011bhovac\u00edho vozu m\u00edt na podlaze polo\u017eenou zm\u011bk\u010duj\u00edc\u00ed vrstvu textilu nebo molitanu \u010di polystyrenu.St\u011bhov\u00e1n\u00ed akv\u00e1ria \u2013 velmi specifick\u00e9 je levn\u00e9 st\u011bhov\u00e1n\u00ed v Praze Odnes to velk\u00fdch akv\u00e1ri\u00ed. Mal\u00e9 akv\u00e1rium snadno p\u0159evezete na zadn\u00edm sedadle va\u0161eho auta, ale s velkou n\u00e1dr\u017e\u00ed v\u00e1m mus\u00ed pomoci st\u011bhov\u00e1ci. Nap\u0159\u00edklad akv\u00e1ria o objemu nad t\u0159i sta litr\u016f s tlou\u0161\u0165kou skel nad 12 mm mohou (vypr\u00e1zdn\u011bn\u00e1) v\u00e1\u017eit i v\u00edce ne\u017e dva metr\u00e1ky. Akv\u00e1rium je n\u00e1ro\u010dn\u00e9 p\u0159en\u00e1\u0161et vzhledem k jeho velk\u00e9mu objemu i hmotnosti a je tak\u00e9 n\u00e1ro\u010dn\u00e9 jej zabezpe\u010dit ve st\u011bhovac\u00edm voze p\u0159ed rozbit\u00edm. Op\u011bt se zde uplatn\u00ed molitanov\u00e1 deska polo\u017een\u00e1 na podlahu a molitany jako oblo\u017een\u00ed st\u011bn akv\u00e1ria. Je rozumn\u011bj\u0161\u00ed st\u011bhovat akv\u00e1rium zaji\u0161t\u011bn\u00e9 proti pohybu uprost\u0159ed vozidla, aby nedo\u0161lo k jeho posouv\u00e1n\u00ed ke st\u011bn\u00e1m a rozbit\u00ed skla o boky n\u00e1kladov\u00e9ho prostoru.Lahve a sklenice \u2013 m\u00e1te doma v\u011bt\u0161\u00ed mno\u017estv\u00ed kompot\u016f a d\u017eem\u016f ve sklenic\u00edch anebo n\u00e1poje ve sklen\u011bn\u00fdch lahv\u00edch? Pak je pe\u010dliv\u011b zabalte do kartonov\u00fdch krabic, krabice ozna\u010dte a k balen\u00ed pou\u017eijte t\u0159eba ru\u010dn\u00edky \u010di jin\u00fd textil. Krabice by nem\u011bly b\u00fdt p\u0159\u00edli\u0161 t\u011b\u017ek\u00e9, v\u00edce ne\u017e 10 kg.                                                                                                                                                                                                                                                                                                                                                                                          4\/5 - (11 votes)        "},{"@context":"https:\/\/schema.org\/","@type":"BreadcrumbList","itemListElement":[{"@type":"ListItem","position":1,"name":"St\u011bhujeme k\u0159ehk\u00e9, ale t\u011b\u017ek\u00e9 p\u0159edm\u011bty","item":"https:\/\/www.plackarna.cz\/stehujeme-krehke-ale-tezke-predmety\/#breadcrumbitem"}]}]