[{"@context":"https:\/\/schema.org\/","@type":"Article","@id":"https:\/\/www.plackarna.cz\/vanocni-trhy-kouzlo-starych-casu\/#Article","mainEntityOfPage":"https:\/\/www.plackarna.cz\/vanocni-trhy-kouzlo-starych-casu\/","headline":"V\u00e1no\u010dn\u00ed trhy \u2013 kouzlo star\u00fdch \u010das\u016f","name":"V\u00e1no\u010dn\u00ed trhy \u2013 kouzlo star\u00fdch \u010das\u016f","description":"P\u0159\u00edjemn\u00e1 atmosf\u00e9ra, \u017e\u00e1dn\u00fd shon, kr\u00e1sn\u00e9 v\u00e1no\u010dn\u00ed v\u00fdzdoba, v\u016fn\u011b sva\u0159en\u00e9ho v\u00edna a pun\u010de, tepl\u00e9 ka\u0161tany, zbo\u017e\u00ed jako z&nbsp;dob na\u0161ich babi\u010dek, to v\u0161e a je\u0161t\u011b mnohem v\u00edce v\u00e1m nab\u00edzej\u00ed v\u00e1no\u010dn\u00ed trhy v&nbsp;mnoha \u010desk\u00fdch m\u011bstech. Poj\u010fte se zastavit, ochutnat lah\u016fdky a nas\u00e1t atmosf\u00e9ru p\u0159\u00edmo pod \u0161ir\u00fdm nebem. Poslechneme si koledy, v\u00e1no\u010dn\u00ed koncerty, prohl\u00e9dneme vy\u0159ez\u00e1van\u00e9 i \u017eiv\u00e9 Betl\u00e9my. To [&hellip;]","datePublished":"2016-09-20","dateModified":"2023-05-11","author":{"@type":"Person","@id":"https:\/\/www.plackarna.cz\/author\/#Person","name":"","url":"https:\/\/www.plackarna.cz\/author\/","identifier":1,"image":{"@type":"ImageObject","@id":"https:\/\/secure.gravatar.com\/avatar\/0c4621640b5c0734669aeb181ef77969b528487727344f28e734a206566ea0f1?s=96&d=mm&r=g","url":"https:\/\/secure.gravatar.com\/avatar\/0c4621640b5c0734669aeb181ef77969b528487727344f28e734a206566ea0f1?s=96&d=mm&r=g","height":96,"width":96}},"publisher":{"@type":"Organization","name":"plackarna.cz","logo":{"@type":"ImageObject","@id":"\/logo.png","url":"\/logo.png","width":600,"height":60}},"image":{"@type":"ImageObject","@id":"https:\/\/www.plackarna.cz\/wp-content\/uploads\/img_a277191_w3153_t1599323002.jpg","url":"https:\/\/www.plackarna.cz\/wp-content\/uploads\/img_a277191_w3153_t1599323002.jpg","height":0,"width":0},"url":"https:\/\/www.plackarna.cz\/vanocni-trhy-kouzlo-starych-casu\/","about":["Hobby"],"wordCount":410,"articleBody":"P\u0159\u00edjemn\u00e1 atmosf\u00e9ra, \u017e\u00e1dn\u00fd shon, kr\u00e1sn\u00e9 v\u00e1no\u010dn\u00ed v\u00fdzdoba, v\u016fn\u011b sva\u0159en\u00e9ho v\u00edna a pun\u010de, tepl\u00e9 ka\u0161tany, zbo\u017e\u00ed jako z&nbsp;dob na\u0161ich babi\u010dek, to v\u0161e a je\u0161t\u011b mnohem v\u00edce v\u00e1m nab\u00edzej\u00ed v\u00e1no\u010dn\u00ed trhy v&nbsp;mnoha \u010desk\u00fdch m\u011bstech.Poj\u010fte se zastavit, ochutnat lah\u016fdky a nas\u00e1t atmosf\u00e9ru p\u0159\u00edmo pod \u0161ir\u00fdm nebem. Poslechneme si koledy, v\u00e1no\u010dn\u00ed koncerty, prohl\u00e9dneme vy\u0159ez\u00e1van\u00e9 i \u017eiv\u00e9 Betl\u00e9my. To v\u0161e jist\u011b p\u0159isp\u011bje k&nbsp;na\u0161\u00ed kr\u00e1sn\u00e9 sv\u00e1te\u010dn\u00ed n\u00e1lad\u011b.D\u00e1me v\u00e1m p\u00e1r tip\u016f, kde v\u00e1no\u010dn\u00ed trhy nav\u0161t\u00edvit, nakoupit d\u00e1re\u010dky pro sv\u00e9 bl\u00edzk\u00e9 nebo si jen tak u\u017e\u00edt v\u00e1no\u010dn\u00ed n\u00e1lady s&nbsp;p\u0159\u00e1teli.Praha o&nbsp;&nbsp; Starom\u011bstsk\u00e9 n\u00e1m\u011bst\u00ed &#8211; 26. 11. 2016 &#8211; 1. 1. 2017 &ndash; nejv\u011bt\u0161\u00ed v\u00e1no\u010dn\u00ed trh, pern\u00ed\u010dky, cukrov\u00ed, trdeln\u00edky, d\u00e1rky a dekorace. Kulturn\u00ed program pro d\u011bti i dosp\u011bl\u00e9.o&nbsp;&nbsp; V\u00e1clavsk\u00e9 n\u00e1m\u011bst\u00ed &#8211; od 26. 11. 2016 &#8211; v\u00e1no\u010dn\u00ed sortiment, ob\u010derstven\u00ed, bohat\u00fd programo&nbsp;&nbsp; N\u00e1m\u011bst\u00ed Republiky &#8211; 25. 11. &#8211; 24. 12. 2016 &ndash; dekorace, pochutiny, d\u00e1rky, drobn\u00ed \u0159emesln\u00edcio&nbsp;&nbsp; N\u00e1m\u011bst\u00ed M\u00edru &#8211; 20. 11. &#8211; 24. 12. 2016o&nbsp;&nbsp; Tylovo n\u00e1m\u011bst\u00ed &#8211; 23. 11. &#8211; 24. 12. 2016Brnoo&nbsp;&nbsp; Zeln\u00fd trh &#8211; 25. 11. &ndash; 23. 12. 2016o&nbsp;&nbsp; BVV &ndash; 9. 12. &ndash; 18. 12. 2016Olomouco&nbsp;&nbsp; Horn\u00ed n\u00e1m\u011bst\u00ed &#8211; 20. 11. &ndash; 23. 12. 2016 &ndash; jako jedin\u00ed v&nbsp;\u010cR nab\u00edzen\u00ed kvalitn\u00ed norimbersk\u00e9 v\u00edno a pun\u010d s&nbsp;p\u0159\u00edsn\u011b kontrolovan\u00fdm slo\u017een\u00edm. Ke zhl\u00e9dnut\u00ed budou dobov\u00e9 atrakce,adventn\u00ed zvyky, vy\u0159ez\u00e1van\u00fd betl\u00e9m, zp\u00edv\u00e1n\u00ed koled, mno\u017estv\u00ed st\u00e1nk\u016f s kvalitn\u00edm zbo\u017e\u00edm i vyhl\u00e1\u0161en\u00fdm pun\u010dem&nbsp;Ostravao&nbsp;&nbsp; Ostravar Ar\u00e9na (\u010cEZ Ar\u00e9na) &ndash; 16. 12. &ndash; 21. 12. 2016V\u00e1no\u010dn\u00ed trhy a jarmarky se konaj\u00ed po cel\u00e9 \u010desk\u00e9 republice, proto ur\u010dit\u011b vyb\u00edrejte z&nbsp;\u0161irok\u00e9 nab\u00eddky a nav\u0161tivte takov\u00fd, kter\u00fd je nejbli\u017e\u0161\u00ed va\u0161emu srdci a n\u00e1lad\u011b. P\u0159ekr\u00e1sn\u00e9 trhy m\u016f\u017eete nav\u0161t\u00edvit u na\u0161ich bl\u00edzk\u00fdch soused\u016f nap\u0159\u00edklad v&nbsp;n\u011bmeck\u00e9m Norimberku &#8211; 25. 11. &#8211; 24. 12. 2016, rakousk\u00e9 V\u00eddni 12. 11 &ndash; 24. 12. 2016, polsk\u00e9m Krakov\u011b- 25. 11. &ndash; 26. 12. 2016 \u010di v&nbsp;Bratislav, ve Star\u00e9m m\u011bst\u011b od 18. 11. Do 22. 12. 2016.P\u0158EJEME V\u00c1M P\u0158EKR\u00c1SN\u00c9 A KLIDN\u00c9 V\u00c1NOCE.                                                                                                                                                                                                                                                                                                                                                                                        5\/5 - (8 votes)        "},{"@context":"https:\/\/schema.org\/","@type":"BreadcrumbList","itemListElement":[{"@type":"ListItem","position":1,"name":"V\u00e1no\u010dn\u00ed trhy \u2013 kouzlo star\u00fdch \u010das\u016f","item":"https:\/\/www.plackarna.cz\/vanocni-trhy-kouzlo-starych-casu\/#breadcrumbitem"}]}]