[{"@context":"https:\/\/schema.org\/","@type":"Article","@id":"https:\/\/www.plackarna.cz\/vsechno-po-cem-jste-kdy-touzili\/#Article","mainEntityOfPage":"https:\/\/www.plackarna.cz\/vsechno-po-cem-jste-kdy-touzili\/","headline":"V\u0161echno, po \u010dem jste kdy tou\u017eili","name":"V\u0161echno, po \u010dem jste kdy tou\u017eili","description":"Co d\u011blat, kdy\u017e se Va\u0161e dom\u00e1cnost pomalu ale jist\u011b lou\u010d\u00ed se v\u0161\u00edm star\u00fdm za\u0159\u00edzen\u00edm? Pokud i u V\u00e1s doma pot\u0159ebuj\u00ed v\u0161echny nov\u00e9 spot\u0159ebi\u010de vym\u011bnit za nov\u00e9, pak je tu pro V\u00e1s mimo jin\u00e9 tak\u00e9 pra\u010dka aeg, kter\u00e1 sv\u00fdmi skv\u011bl\u00fdmi p\u0159ednostmi skv\u011ble nahrad\u00ed V\u00e1\u0161 star\u00fd a nefunk\u010dn\u00ed spot\u0159ebi\u010d na jedni\u010dku. Klikn\u011bte na na\u0161e internetov\u00e9 str\u00e1nky a [&hellip;]","datePublished":"2023-09-17","dateModified":"2023-09-17","author":{"@type":"Person","@id":"https:\/\/www.plackarna.cz\/author\/#Person","name":"","url":"https:\/\/www.plackarna.cz\/author\/","identifier":1,"image":{"@type":"ImageObject","@id":"https:\/\/secure.gravatar.com\/avatar\/0c4621640b5c0734669aeb181ef77969b528487727344f28e734a206566ea0f1?s=96&d=mm&r=g","url":"https:\/\/secure.gravatar.com\/avatar\/0c4621640b5c0734669aeb181ef77969b528487727344f28e734a206566ea0f1?s=96&d=mm&r=g","height":96,"width":96}},"publisher":{"@type":"Organization","name":"plackarna.cz","logo":{"@type":"ImageObject","@id":"\/logo.png","url":"\/logo.png","width":600,"height":60}},"url":"https:\/\/www.plackarna.cz\/vsechno-po-cem-jste-kdy-touzili\/","wordCount":260,"articleBody":"Co d\u011blat, kdy\u017e se Va\u0161e dom\u00e1cnost pomalu ale jist\u011b lou\u010d\u00ed se v\u0161\u00edm star\u00fdm za\u0159\u00edzen\u00edm? Pokud i u V\u00e1s doma pot\u0159ebuj\u00ed v\u0161echny nov\u00e9 spot\u0159ebi\u010de vym\u011bnit za nov\u00e9, pak je tu pro V\u00e1s mimo jin\u00e9 tak\u00e9 pra\u010dka aeg, kter\u00e1 sv\u00fdmi skv\u011bl\u00fdmi p\u0159ednostmi skv\u011ble nahrad\u00ed V\u00e1\u0161 star\u00fd a nefunk\u010dn\u00ed spot\u0159ebi\u010d na jedni\u010dku. Klikn\u011bte na na\u0161e internetov\u00e9 str\u00e1nky a dozv\u00edte se v\u00edce o tomto produktu, kter\u00fd je sv\u011btov\u011b proslul\u00fd svou kvalitou a trvanlivost\u00ed. Nechte se o\u0161\u00e1lit tak\u00e9 velice atraktivn\u00edm vzhledem t\u011bchto produkt\u016f, kter\u00e9 se hod\u00ed do ka\u017ed\u00e9 dom\u00e1cnosti.Oslavte s n\u00e1mi revolu\u010dn\u00ed pran\u00edRoz\u010diluje V\u00e1s neust\u00e1le pln\u00fd ko\u0161 se \u0161pinav\u00fdm oble\u010den\u00edm a cht\u011bli byste tomu u\u017e jednou prov\u017edy p\u0159edej\u00edt? Po\u0159i\u010fte si produkty, kter\u00e9 pro V\u00e1s nyn\u00ed m\u00e1me v na\u0161em katalogu, a v\u011b\u0159te n\u00e1m, \u017ee si budete pochvalovat tu b\u011blost a \u010distotu, kter\u00e9 na Va\u0161em oble\u010den\u00ed z\u016fstane po dlouhou dobu. Kvalitu ct\u00edme p\u0159edev\u0161\u00edm. Proto V\u00e1m nab\u00edz\u00edme prvot\u0159\u00eddn\u00ed v\u00fdrobky, kter\u00e9 u\u017e si obl\u00edbila spousta lid\u00ed po cel\u00e9m sv\u011bt\u011b. Sta\u0148te se tak\u00e9 on\u00edm \u0161\u0165astlivcem a poj\u010fte do na\u0161\u00ed nab\u00eddky! Na\u0161e internetov\u00e9 str\u00e1nky a foto galerie V\u00e1m poslou\u017e\u00ed k tomu, abyste si z pohodl\u00ed domova vybrali to, o \u010dem sn\u00edte.                                                                                                                                                                                                                                                                                                                                                                                        4.1\/5 - (10 votes)        "},{"@context":"https:\/\/schema.org\/","@type":"BreadcrumbList","itemListElement":[{"@type":"ListItem","position":1,"name":"V\u0161echno, po \u010dem jste kdy tou\u017eili","item":"https:\/\/www.plackarna.cz\/vsechno-po-cem-jste-kdy-touzili\/#breadcrumbitem"}]}]