[{"@context":"https:\/\/schema.org\/","@type":"Article","@id":"https:\/\/www.plackarna.cz\/vyrazte-si-odpocinout-na-jadran\/#Article","mainEntityOfPage":"https:\/\/www.plackarna.cz\/vyrazte-si-odpocinout-na-jadran\/","headline":"Vyrazte si odpo\u010dinout na Jadran","name":"Vyrazte si odpo\u010dinout na Jadran","description":"Na svou letn\u00ed dovolenou se v\u0161ichni t\u011b\u0161\u00edme prakticky cel\u00fd rok. O to d\u016fle\u017eit\u011bj\u0161\u00ed je sv\u00e1 o\u010dek\u00e1v\u00e1n\u00ed nezklamat a dob\u0159e si vybrat pr\u00e1v\u011b takovou dovolenou, kter\u00e1 n\u00e1s b\u00e1je\u010dn\u011b osv\u011b\u017e\u00ed a umo\u017en\u00ed n\u00e1m na\u010derpat tolik pot\u0159ebn\u00e9 s\u00edly do dal\u0161\u00edho pracovn\u00edho roku. Nen\u00ed proto divu, \u017ee v\u011bt\u0161ina \u010cech\u016f vol\u00ed letn\u00ed dovolenou u mo\u0159e na slun\u00ed\u010dku, kde si na [&hellip;]","datePublished":"2018-05-22","dateModified":"2023-05-11","author":{"@type":"Person","@id":"https:\/\/www.plackarna.cz\/author\/#Person","name":"","url":"https:\/\/www.plackarna.cz\/author\/","identifier":1,"image":{"@type":"ImageObject","@id":"https:\/\/secure.gravatar.com\/avatar\/0c4621640b5c0734669aeb181ef77969b528487727344f28e734a206566ea0f1?s=96&d=mm&r=g","url":"https:\/\/secure.gravatar.com\/avatar\/0c4621640b5c0734669aeb181ef77969b528487727344f28e734a206566ea0f1?s=96&d=mm&r=g","height":96,"width":96}},"publisher":{"@type":"Organization","name":"plackarna.cz","logo":{"@type":"ImageObject","@id":"\/logo.png","url":"\/logo.png","width":600,"height":60}},"image":{"@type":"ImageObject","@id":"https:\/\/www.plackarna.cz\/wp-content\/uploads\/img_a316939_w2387_t1527757476.jpg","url":"https:\/\/www.plackarna.cz\/wp-content\/uploads\/img_a316939_w2387_t1527757476.jpg","height":0,"width":0},"url":"https:\/\/www.plackarna.cz\/vyrazte-si-odpocinout-na-jadran\/","about":["Hobby"],"wordCount":426,"articleBody":"   Na svou letn\u00ed dovolenou se v\u0161ichni t\u011b\u0161\u00edme prakticky cel\u00fd rok. O to d\u016fle\u017eit\u011bj\u0161\u00ed je sv\u00e1 o\u010dek\u00e1v\u00e1n\u00ed nezklamat a dob\u0159e si vybrat pr\u00e1v\u011b takovou dovolenou, kter\u00e1 n\u00e1s b\u00e1je\u010dn\u011b osv\u011b\u017e\u00ed a umo\u017en\u00ed n\u00e1m na\u010derpat tolik pot\u0159ebn\u00e9 s\u00edly do dal\u0161\u00edho pracovn\u00edho roku. Nen\u00ed proto divu, \u017ee v\u011bt\u0161ina \u010cech\u016f vol\u00ed letn\u00ed dovolenou u mo\u0159e na slun\u00ed\u010dku, kde si na pl\u00e1\u017ei dokonale odpo\u010dinou, zadov\u00e1d\u00ed si v mo\u0159sk\u00fdch vln\u00e1ch a poznaj\u00ed kr\u00e1sy i typick\u00e9 chut\u011b p\u0159\u00edmo\u0159sk\u00fdch letovisek. V\u011bt\u0161ina \u010cech\u016f vol\u00ed pr\u00e1v\u011b proto dovolenou na Jadranu, proto\u017ee Chorvatsko je jistota, kter\u00e1 n\u00e1s nikdy nezklame. Vyrazit ke St\u0159edozemn\u00edmu mo\u0159i pr\u00e1v\u011b na Jadran nab\u00edz\u00ed hned n\u011bkolik v\u00fdhod, kter\u00e9 jinde nenajdete. Za prv\u00e9, nen\u00ed to z \u010cesk\u00e9 republiky p\u0159\u00edli\u0161 daleko. Ve srovn\u00e1n\u00ed s jin\u00fdmi letn\u00edmi destinacemi se jedn\u00e1 o pom\u011brn\u011b kr\u00e1tkou vzd\u00e1lenost, kterou m\u016f\u017eete urazit za n\u011bkolik hodin, tak\u017ee si d\u00edky tomu m\u016f\u017eete vybrat optim\u00e1ln\u00ed dopravn\u00ed prost\u0159edek, kter\u00fd v\u00e1m nejv\u00edce vyhovuje. A ten, kdo nen\u00ed fanou\u0161kem l\u00e9t\u00e1n\u00ed, ani se nechce unavovat j\u00edzdou automobilem, ud\u011bl\u00e1 nejl\u00e9pe, pokud vsad\u00ed na cestu linkov\u00fdm autobusem , kter\u00fd jej doprav\u00ed a\u017e p\u0159esn\u011b na m\u00edsto, kde str\u00e1v\u00ed svou letn\u00ed dovolenou. Takov\u00e1 cesta pln\u011b klimatizovan\u00fdm, modern\u00edm autobusem, v\u00e1m nejen rychle a p\u0159\u00edjemn\u011b ub\u011bhne, ale je rovn\u011b\u017e bezpe\u010dn\u00e1 a ne\u017e se nad\u011bjete, budete vystupovat. Dal\u0161\u00ed velkou v\u00fdhodou t\u00e9to destinace je, \u017ee v Chorvatsku se v\u017edy dob\u0159e domluv\u00edte. Chorvat\u00e9 \u010cech\u016fm dob\u0159e rozum\u00ed a funguje to i naopak, tak\u017ee se nemus\u00edte b\u00e1t, pokud neovl\u00e1d\u00e1te \u017e\u00e1dn\u00e9 ciz\u00ed jazyky, i tak se zde budete c\u00edtit jako doma. Nicm\u00e9n\u011b na tom bude m\u00edt velk\u00fd pod\u00edl i to, \u017ee si zde za velice p\u0159\u00edznivou cenu m\u016f\u017eete pronajmout kr\u00e1sn\u00e9 hotelov\u00e9 pokoje, studia \u010di apartm\u00e1ny, ve kter\u00fdch se budete c\u00edtit jako v bavlnce. A opomenout nesm\u00edme ani p\u0159\u00edzniv\u00e9 ceny ve\u0161ker\u00fdch nab\u00edzen\u00fdch slu\u017eeb. Tak\u017ee nejen, \u017ee v\u00e1s levn\u011b vyjde doprava tam i zp\u011bt, ale tak\u00e9 ubytov\u00e1n\u00ed, a \u0161et\u0159it nebudete muset ani na pokrmech, kter\u00e9 se rozhodnete ochutnat, nebo\u0165 st\u0159edomo\u0159sk\u00e1 kuchyn\u011b je nejen zdrav\u00e1, ale tak\u00e9 velice chutn\u00e1.                                                                                                                                                                                                                                                                                                                                                                                          4.7\/5 - (10 votes)        "},{"@context":"https:\/\/schema.org\/","@type":"BreadcrumbList","itemListElement":[{"@type":"ListItem","position":1,"name":"Vyrazte si odpo\u010dinout na Jadran","item":"https:\/\/www.plackarna.cz\/vyrazte-si-odpocinout-na-jadran\/#breadcrumbitem"}]}]