[{"@context":"https:\/\/schema.org\/","@type":"Article","@id":"https:\/\/www.plackarna.cz\/vyznamna-designerska-uloha\/#Article","mainEntityOfPage":"https:\/\/www.plackarna.cz\/vyznamna-designerska-uloha\/","headline":"V\u00fdznamn\u00e1 designersk\u00e1 \u00faloha","name":"V\u00fdznamn\u00e1 designersk\u00e1 \u00faloha","description":"Zkusili jste si n\u011bkdy polo\u017eit zd\u00e1nliv\u011b ban\u00e1ln\u00ed a bezv\u00fdznamnou ot\u00e1zku, k \u010demu vlastn\u011b slou\u017e\u00ed interi\u00e9rov\u00e9 dve\u0159e? Nepochybn\u011b k tomu, aby chr\u00e1nily Va\u0161e soukrom\u00ed. P\u0159\u00edpadn\u011b, abyste m\u011bli sv\u016fj klid. To se t\u00fdk\u00e1 tehdy, kdy\u017e m\u00e1te hlu\u010dn\u00e9 d\u011bti a pot\u0159ebujete alespo\u0148 trochu odhlu\u010dnit. Nicm\u00e9n\u011b pln\u00ed nepochybn\u011b tak\u00e9 v\u00fdznamnou designerskou \u00falohu, co\u017e si mnoho lid\u00ed ani neuv\u011bdomuje a [&hellip;]","datePublished":"2024-11-26","dateModified":"2024-11-26","author":{"@type":"Person","@id":"https:\/\/www.plackarna.cz\/author\/#Person","name":"","url":"https:\/\/www.plackarna.cz\/author\/","identifier":1,"image":{"@type":"ImageObject","@id":"https:\/\/secure.gravatar.com\/avatar\/0c4621640b5c0734669aeb181ef77969b528487727344f28e734a206566ea0f1?s=96&d=mm&r=g","url":"https:\/\/secure.gravatar.com\/avatar\/0c4621640b5c0734669aeb181ef77969b528487727344f28e734a206566ea0f1?s=96&d=mm&r=g","height":96,"width":96}},"publisher":{"@type":"Organization","name":"plackarna.cz","logo":{"@type":"ImageObject","@id":"\/logo.png","url":"\/logo.png","width":600,"height":60}},"url":"https:\/\/www.plackarna.cz\/vyznamna-designerska-uloha\/","wordCount":162,"articleBody":"Zkusili jste si n\u011bkdy polo\u017eit zd\u00e1nliv\u011b ban\u00e1ln\u00ed a bezv\u00fdznamnou ot\u00e1zku, k \u010demu vlastn\u011b slou\u017e\u00ed interi\u00e9rov\u00e9 dve\u0159e? Nepochybn\u011b k tomu, aby chr\u00e1nily Va\u0161e soukrom\u00ed. P\u0159\u00edpadn\u011b, abyste m\u011bli sv\u016fj klid. To se t\u00fdk\u00e1 tehdy, kdy\u017e m\u00e1te hlu\u010dn\u00e9 d\u011bti a pot\u0159ebujete alespo\u0148 trochu odhlu\u010dnit. Nicm\u00e9n\u011b pln\u00ed nepochybn\u011b tak\u00e9 v\u00fdznamnou designerskou \u00falohu, co\u017e si mnoho lid\u00ed ani neuv\u011bdomuje a na tuto n\u00e1le\u017eitost vybaven\u00ed dom\u00e1cnosti mysl\u00ed \u010dasto a\u017e na posledn\u00edm m\u00edst\u011b. Kdy\u017e u\u017e to v\u016fbec neslou\u017e\u00ed A i tehdy se nerozhodujeme proto, \u017ee u\u017e to fakticky p\u0159\u00ed\u0161ern\u011b vypad\u00e1, ale proto, \u017ee u\u017e to v\u016fbec neslou\u017e\u00ed. P\u0159itom je ur\u010dit\u011b vhodn\u00e9 myslet v\u010das na v\u00fdm\u011bnu. Proto\u017ee i velmi zda\u0159il\u00fd bytov\u00fd interi\u00e9r mohou naprosto poh\u0159b\u00edt nevkusn\u00e9 obit\u00e9 nevzhledn\u00e9 star\u00e9 dve\u0159e. P\u0159edejd\u011bte tomu a nedovolte to.                                                                                                                                                                                                                                                                                                                                                                                        4.5\/5 - (4 votes)        "},{"@context":"https:\/\/schema.org\/","@type":"BreadcrumbList","itemListElement":[{"@type":"ListItem","position":1,"name":"V\u00fdznamn\u00e1 designersk\u00e1 \u00faloha","item":"https:\/\/www.plackarna.cz\/vyznamna-designerska-uloha\/#breadcrumbitem"}]}]